
{"id":29822,"date":"2015-11-19T00:59:12","date_gmt":"2015-11-18T23:59:12","guid":{"rendered":"https:\/\/www.agrivi.com\/uncategorized-hr\/priprema-vocaka-za-zimsko-mirovanje\/"},"modified":"2021-12-16T20:51:52","modified_gmt":"2021-12-16T19:51:52","slug":"priprema-vocaka-za-zimsko-mirovanje","status":"publish","type":"post","link":"https:\/\/www.agrivi.com\/hr\/blog\/priprema-vocaka-za-zimsko-mirovanje\/","title":{"rendered":"Priprema vo\u0107aka za zimsko mirovanje"},"content":{"rendered":"<p>Iako je berba zavr\u0161ila, ostalo je jo\u0161 dosta posla u vo\u0107njaku. Jesen je idealno vrijeme za upravljanje vo\u0107njakom, pripremanjem stabala za zimu i razmi\u0161ljanjem o urodu sljede\u0107e godine. To je tako\u0111er i vrijeme za brigu o zdravlju stabala. Redovito jesensko upravljanje vo\u0107njakom se\u017ee od pra\u0107enja bolesti i \u0161tetnika pa do ishrane i navodnjavanja vo\u0107aka. Nekoliko je jednostavnih postupaka koji \u0107e osigurati da stablo pro\u0111e kroz zimsko mirovanje i osigura svoju vitalnost za proljetnu cvatnju i plodono\u0161enje:<\/p>\n<ul>\n<li><strong>Voda<\/strong> &#8211; ukoliko je tijekom kasnog ljeta i jeseni palo malo oborina, navodnjavanje je obavezna mjera. Ako stablo ne dobije dovoljno vode, korijenje \u0107e biti osjetljivije na ulazak smrzotina.<\/li>\n<li><strong>Gnojiva<\/strong> \u2013 primjenjuju se gnojiva s ni\u017eim omjerom du\u0161ika i vi\u0161im omjerom kalija i fosfora, kako bi se podmirio manjak hranjiva. Novo posa\u0111ena i mlada stabla se ne preporu\u010da gnojiti, kako bi se izbjegao bujan rast pred zimu.<\/li>\n<li><strong>Korovi<\/strong> &#8211; korovi oko stabala se trebaju ukloniti ili pokositi, jer se time uklanjaju mjesta za skrivanje \u0161tetnih kukaca koji bi ondje mogli prezimiti, te za glodavce koji mogu \u017evakati koru, posebno na mladim stablima.<\/li>\n<li><strong>Sanitacija<\/strong> &#8211; mumificirano vo\u0107e koje visi na granama treba ukloniti. Iako se \u010dini da ti plodovi ne predstavljaju prijetnju, oni su nositelji raznih bolesti. Tako\u0111er treba ukloniti otpale i bolesne plodove, te grane iz vo\u0107njaka i uni\u0161titi ih. Otpalo li\u0161\u0107a mo\u017ee se usitniti i slu\u017eiti kao mal\u010d.<\/li>\n<li><strong>Izolacija<\/strong> &#8211; korisna mjera za korijenje stabla mladih biljaka. Vr\u0161i se li\u0161\u0107em \/ kompostom, iverjem, borovim iglicama, korom, zimzelenim granama ili slamom<\/li>\n<li><strong>Rezidba<\/strong> &#8211; vo\u0107ke treba orezati u kasnu zimu, dok je stablo u mirovanju. Cilj rezidbe je omogu\u0107iti prodor svijetla u sredi\u0161nji dio stabla, tako da donje grane nisu zasjenjene gornjim. Prije perioda mirovanja, slabije grane, te one s manje li\u0161\u0107a ili manje plodova mogu se ukloniti.<\/li>\n<li><strong>Za\u0161tita od \u0161teto\u010dinja<\/strong> &#8211; prezimljavanje kukaca i njihovih jaja \u010dest su uzrok za zabrinutost u vo\u0107njaku. Lisne u\u0161i, crveni pauk, \u0161titaste u\u0161i i li\u010dinke moljaca mogu prezimiti uvu\u010deni u najmanje kutke unutar kore stabla. Za za\u0161titu od \u0161teto\u010dinja tijekom mirovanja, preporu\u010da se prskati mineralnim uljima na bazi bakra. Prskanje se mo\u017ee ponoviti na kraju zime, prije pupanja. Ovaj prirodan tretman, na bazi ulja, vrlo je u\u010dinkovit u smanjenju broja \u0161teto\u010dina ako se primjenjuje u ovo doba godine, a ima minimalan utjecaj na druge \u017eivotinje. Jo\u0161 jedna preventivna obrana od \u0161teto\u010dina su ljepljive trake, koje zaustavljaju moljce koji nose jaje da se penju na grane stabla. Ljepljive trake \u010dvrsto se zalijepe oko debla svakog stabla, ljepljivom stranom okrenutom prema van.<\/li>\n<\/ul>\n<p>Sve aktivnosti na poljoprivrednom gospodarstvu i vo\u0107njaku mo\u017eete pratiti u AGRIVI poljoprivrednom sustavu \u2013 radne sate radnika i mehanizacije utro\u0161ene za pripremu vo\u0107aka za mirovanje, upotrebu gnojiva i pesticida na svakom polju, utro\u0161en novac za kupnju potrebnih materijala, analizu tro\u0161kova i analizu isplativosti cijelog poljoprivrednog gospodarstva, te vremensku prognozu za mogu\u0107nost planiranja aktivnosti u vo\u0107njaku. Pripremite svoje vo\u0107ke za zimu uz AGRIVI!<\/p>\n<p>Izvor: <a href=\"http:\/\/www.seattletimes.com\/life\/lifestyle\/its-time-to-plant-a-fruit-tree-or-prepare-one-for-winter\/\" target=\"_blank\" rel=\"noopener\">Seattle Times<\/a><\/p>\n"},"excerpt":{"rendered":"<p>Iako je berba zavr\u0161ila, ostalo je jo\u0161 dosta posla u vo\u0107njaku. Jesen je idealno vrijeme za upravljanje vo\u0107njakom, pripremanjem stabala za zimu i razmi\u0161ljanjem o urodu sljede\u0107e godine. To je tako\u0111er i vrijeme za brigu o zdravlju stabala. Redovito jesensko upravljanje vo\u0107njakom se\u017ee od pra\u0107enja bolesti i \u0161tetnika pa do ishrane i navodnjavanja vo\u0107aka. Nekoliko<br \/><a href=\"https:\/\/www.agrivi.com\/hr\/blog\/priprema-vocaka-za-zimsko-mirovanje\/\" class=\"more\">PRO\u010cITAJTE VI\u0160E<\/a><\/p>\n","protected":false},"author":13,"featured_media":30832,"comment_status":"closed","ping_status":"closed","sticky":false,"template":"","format":"standard","meta":{"_acf_changed":false,"inline_featured_image":false,"footnotes":""},"categories":[384,398],"tags":[],"class_list":["post-29822","post","type-post","status-publish","format-standard","has-post-thumbnail","hentry","category-blog","category-poljoprivredne-prakse"],"acf":[],"yoast_head":"<!-- This site is optimized with the Yoast SEO plugin v27.4 - https:\/\/yoast.com\/product\/yoast-seo-wordpress\/ -->\n<title>Priprema vo\u0107aka za zimsko mirovanje - AGRIVI<\/title>\n<meta name=\"description\" content=\"Priprema vo\u0107aka za zimsko mirovanje AGRIVI\" \/>\n<meta name=\"robots\" content=\"index, follow, max-snippet:-1, max-image-preview:large, max-video-preview:-1\" \/>\n<link rel=\"canonical\" href=\"https:\/\/www.agrivi.com\/hr\/blog\/priprema-vocaka-za-zimsko-mirovanje\/\" \/>\n<meta property=\"og:locale\" content=\"hr_HR\" \/>\n<meta property=\"og:type\" content=\"article\" \/>\n<meta property=\"og:title\" content=\"Priprema vo\u0107aka za zimsko mirovanje - AGRIVI\" \/>\n<meta property=\"og:description\" content=\"Priprema vo\u0107aka za zimsko mirovanje AGRIVI\" \/>\n<meta property=\"og:url\" content=\"https:\/\/www.agrivi.com\/hr\/blog\/priprema-vocaka-za-zimsko-mirovanje\/\" \/>\n<meta property=\"og:site_name\" content=\"AGRIVI\" \/>\n<meta property=\"article:published_time\" content=\"2015-11-18T23:59:12+00:00\" \/>\n<meta property=\"article:modified_time\" content=\"2021-12-16T19:51:52+00:00\" \/>\n<meta property=\"og:image\" content=\"https:\/\/www.agrivi.com\/wp-content\/uploads\/2015\/11\/Blog-Winter-Care.png\" \/>\n\t<meta property=\"og:image:width\" content=\"1200\" \/>\n\t<meta property=\"og:image:height\" content=\"565\" \/>\n\t<meta property=\"og:image:type\" content=\"image\/png\" \/>\n<meta name=\"author\" content=\"Tanja Folnovi\u0107\" \/>\n<meta name=\"twitter:card\" content=\"summary_large_image\" \/>\n<meta name=\"twitter:label1\" content=\"Napisao\/la\" \/>\n\t<meta name=\"twitter:data1\" content=\"Tanja Folnovi\u0107\" \/>\n\t<meta name=\"twitter:label2\" content=\"Procijenjeno vrijeme \u010ditanja\" \/>\n\t<meta name=\"twitter:data2\" content=\"3 minute\" \/>\n<script type=\"application\/ld+json\" class=\"yoast-schema-graph\">{\"@context\":\"https:\\\/\\\/schema.org\",\"@graph\":[{\"@type\":\"Article\",\"@id\":\"https:\\\/\\\/www.agrivi.com\\\/hr\\\/blog\\\/priprema-vocaka-za-zimsko-mirovanje\\\/#article\",\"isPartOf\":{\"@id\":\"https:\\\/\\\/www.agrivi.com\\\/hr\\\/blog\\\/priprema-vocaka-za-zimsko-mirovanje\\\/\"},\"author\":{\"name\":\"Tanja Folnovi\u0107\",\"@id\":\"https:\\\/\\\/www.agrivi.com\\\/hr\\\/#\\\/schema\\\/person\\\/7c64936e9c0b87b8385f4bb18253c4ca\"},\"headline\":\"Priprema vo\u0107aka za zimsko mirovanje\",\"datePublished\":\"2015-11-18T23:59:12+00:00\",\"dateModified\":\"2021-12-16T19:51:52+00:00\",\"mainEntityOfPage\":{\"@id\":\"https:\\\/\\\/www.agrivi.com\\\/hr\\\/blog\\\/priprema-vocaka-za-zimsko-mirovanje\\\/\"},\"wordCount\":533,\"publisher\":{\"@id\":\"https:\\\/\\\/www.agrivi.com\\\/hr\\\/#organization\"},\"image\":{\"@id\":\"https:\\\/\\\/www.agrivi.com\\\/hr\\\/blog\\\/priprema-vocaka-za-zimsko-mirovanje\\\/#primaryimage\"},\"thumbnailUrl\":\"https:\\\/\\\/www.agrivi.com\\\/wp-content\\\/uploads\\\/2015\\\/11\\\/Blog-Winter-Care.png\",\"articleSection\":[\"Blog\",\"Poljoprivredne prakse\"],\"inLanguage\":\"hr\"},{\"@type\":\"WebPage\",\"@id\":\"https:\\\/\\\/www.agrivi.com\\\/hr\\\/blog\\\/priprema-vocaka-za-zimsko-mirovanje\\\/\",\"url\":\"https:\\\/\\\/www.agrivi.com\\\/hr\\\/blog\\\/priprema-vocaka-za-zimsko-mirovanje\\\/\",\"name\":\"Priprema vo\u0107aka za zimsko mirovanje - AGRIVI\",\"isPartOf\":{\"@id\":\"https:\\\/\\\/www.agrivi.com\\\/hr\\\/#website\"},\"primaryImageOfPage\":{\"@id\":\"https:\\\/\\\/www.agrivi.com\\\/hr\\\/blog\\\/priprema-vocaka-za-zimsko-mirovanje\\\/#primaryimage\"},\"image\":{\"@id\":\"https:\\\/\\\/www.agrivi.com\\\/hr\\\/blog\\\/priprema-vocaka-za-zimsko-mirovanje\\\/#primaryimage\"},\"thumbnailUrl\":\"https:\\\/\\\/www.agrivi.com\\\/wp-content\\\/uploads\\\/2015\\\/11\\\/Blog-Winter-Care.png\",\"datePublished\":\"2015-11-18T23:59:12+00:00\",\"dateModified\":\"2021-12-16T19:51:52+00:00\",\"description\":\"Priprema vo\u0107aka za zimsko mirovanje AGRIVI\",\"breadcrumb\":{\"@id\":\"https:\\\/\\\/www.agrivi.com\\\/hr\\\/blog\\\/priprema-vocaka-za-zimsko-mirovanje\\\/#breadcrumb\"},\"inLanguage\":\"hr\",\"potentialAction\":[{\"@type\":\"ReadAction\",\"target\":[\"https:\\\/\\\/www.agrivi.com\\\/hr\\\/blog\\\/priprema-vocaka-za-zimsko-mirovanje\\\/\"]}]},{\"@type\":\"ImageObject\",\"inLanguage\":\"hr\",\"@id\":\"https:\\\/\\\/www.agrivi.com\\\/hr\\\/blog\\\/priprema-vocaka-za-zimsko-mirovanje\\\/#primaryimage\",\"url\":\"https:\\\/\\\/www.agrivi.com\\\/wp-content\\\/uploads\\\/2015\\\/11\\\/Blog-Winter-Care.png\",\"contentUrl\":\"https:\\\/\\\/www.agrivi.com\\\/wp-content\\\/uploads\\\/2015\\\/11\\\/Blog-Winter-Care.png\",\"width\":1200,\"height\":565},{\"@type\":\"BreadcrumbList\",\"@id\":\"https:\\\/\\\/www.agrivi.com\\\/hr\\\/blog\\\/priprema-vocaka-za-zimsko-mirovanje\\\/#breadcrumb\",\"itemListElement\":[{\"@type\":\"ListItem\",\"position\":1,\"name\":\"Home\",\"item\":\"https:\\\/\\\/www.agrivi.com\\\/hr\\\/\"},{\"@type\":\"ListItem\",\"position\":2,\"name\":\"Priprema vo\u0107aka za zimsko mirovanje\"}]},{\"@type\":\"WebSite\",\"@id\":\"https:\\\/\\\/www.agrivi.com\\\/hr\\\/#website\",\"url\":\"https:\\\/\\\/www.agrivi.com\\\/hr\\\/\",\"name\":\"AGRIVI\",\"description\":\"Farm managment solutions\",\"publisher\":{\"@id\":\"https:\\\/\\\/www.agrivi.com\\\/hr\\\/#organization\"},\"potentialAction\":[{\"@type\":\"SearchAction\",\"target\":{\"@type\":\"EntryPoint\",\"urlTemplate\":\"https:\\\/\\\/www.agrivi.com\\\/hr\\\/?s={search_term_string}\"},\"query-input\":{\"@type\":\"PropertyValueSpecification\",\"valueRequired\":true,\"valueName\":\"search_term_string\"}}],\"inLanguage\":\"hr\"},{\"@type\":\"Organization\",\"@id\":\"https:\\\/\\\/www.agrivi.com\\\/hr\\\/#organization\",\"name\":\"AGRIVI\",\"url\":\"https:\\\/\\\/www.agrivi.com\\\/hr\\\/\",\"logo\":{\"@type\":\"ImageObject\",\"inLanguage\":\"hr\",\"@id\":\"https:\\\/\\\/www.agrivi.com\\\/hr\\\/#\\\/schema\\\/logo\\\/image\\\/\",\"url\":\"https:\\\/\\\/www.agrivi.com\\\/wp-content\\\/uploads\\\/2021\\\/02\\\/Agrivi-svg.svg\",\"contentUrl\":\"https:\\\/\\\/www.agrivi.com\\\/wp-content\\\/uploads\\\/2021\\\/02\\\/Agrivi-svg.svg\",\"width\":1,\"height\":1,\"caption\":\"AGRIVI\"},\"image\":{\"@id\":\"https:\\\/\\\/www.agrivi.com\\\/hr\\\/#\\\/schema\\\/logo\\\/image\\\/\"}},{\"@type\":\"Person\",\"@id\":\"https:\\\/\\\/www.agrivi.com\\\/hr\\\/#\\\/schema\\\/person\\\/7c64936e9c0b87b8385f4bb18253c4ca\",\"name\":\"Tanja Folnovi\u0107\",\"sameAs\":[\"http:\\\/\\\/www.agrivi.com\"]}]}<\/script>\n<!-- \/ Yoast SEO plugin. -->","yoast_head_json":{"title":"Priprema vo\u0107aka za zimsko mirovanje - AGRIVI","description":"Priprema vo\u0107aka za zimsko mirovanje AGRIVI","robots":{"index":"index","follow":"follow","max-snippet":"max-snippet:-1","max-image-preview":"max-image-preview:large","max-video-preview":"max-video-preview:-1"},"canonical":"https:\/\/www.agrivi.com\/hr\/blog\/priprema-vocaka-za-zimsko-mirovanje\/","og_locale":"hr_HR","og_type":"article","og_title":"Priprema vo\u0107aka za zimsko mirovanje - AGRIVI","og_description":"Priprema vo\u0107aka za zimsko mirovanje AGRIVI","og_url":"https:\/\/www.agrivi.com\/hr\/blog\/priprema-vocaka-za-zimsko-mirovanje\/","og_site_name":"AGRIVI","article_published_time":"2015-11-18T23:59:12+00:00","article_modified_time":"2021-12-16T19:51:52+00:00","og_image":[{"width":1200,"height":565,"url":"https:\/\/www.agrivi.com\/wp-content\/uploads\/2015\/11\/Blog-Winter-Care.png","type":"image\/png"}],"author":"Tanja Folnovi\u0107","twitter_card":"summary_large_image","twitter_misc":{"Napisao\/la":"Tanja Folnovi\u0107","Procijenjeno vrijeme \u010ditanja":"3 minute"},"schema":{"@context":"https:\/\/schema.org","@graph":[{"@type":"Article","@id":"https:\/\/www.agrivi.com\/hr\/blog\/priprema-vocaka-za-zimsko-mirovanje\/#article","isPartOf":{"@id":"https:\/\/www.agrivi.com\/hr\/blog\/priprema-vocaka-za-zimsko-mirovanje\/"},"author":{"name":"Tanja Folnovi\u0107","@id":"https:\/\/www.agrivi.com\/hr\/#\/schema\/person\/7c64936e9c0b87b8385f4bb18253c4ca"},"headline":"Priprema vo\u0107aka za zimsko mirovanje","datePublished":"2015-11-18T23:59:12+00:00","dateModified":"2021-12-16T19:51:52+00:00","mainEntityOfPage":{"@id":"https:\/\/www.agrivi.com\/hr\/blog\/priprema-vocaka-za-zimsko-mirovanje\/"},"wordCount":533,"publisher":{"@id":"https:\/\/www.agrivi.com\/hr\/#organization"},"image":{"@id":"https:\/\/www.agrivi.com\/hr\/blog\/priprema-vocaka-za-zimsko-mirovanje\/#primaryimage"},"thumbnailUrl":"https:\/\/www.agrivi.com\/wp-content\/uploads\/2015\/11\/Blog-Winter-Care.png","articleSection":["Blog","Poljoprivredne prakse"],"inLanguage":"hr"},{"@type":"WebPage","@id":"https:\/\/www.agrivi.com\/hr\/blog\/priprema-vocaka-za-zimsko-mirovanje\/","url":"https:\/\/www.agrivi.com\/hr\/blog\/priprema-vocaka-za-zimsko-mirovanje\/","name":"Priprema vo\u0107aka za zimsko mirovanje - AGRIVI","isPartOf":{"@id":"https:\/\/www.agrivi.com\/hr\/#website"},"primaryImageOfPage":{"@id":"https:\/\/www.agrivi.com\/hr\/blog\/priprema-vocaka-za-zimsko-mirovanje\/#primaryimage"},"image":{"@id":"https:\/\/www.agrivi.com\/hr\/blog\/priprema-vocaka-za-zimsko-mirovanje\/#primaryimage"},"thumbnailUrl":"https:\/\/www.agrivi.com\/wp-content\/uploads\/2015\/11\/Blog-Winter-Care.png","datePublished":"2015-11-18T23:59:12+00:00","dateModified":"2021-12-16T19:51:52+00:00","description":"Priprema vo\u0107aka za zimsko mirovanje AGRIVI","breadcrumb":{"@id":"https:\/\/www.agrivi.com\/hr\/blog\/priprema-vocaka-za-zimsko-mirovanje\/#breadcrumb"},"inLanguage":"hr","potentialAction":[{"@type":"ReadAction","target":["https:\/\/www.agrivi.com\/hr\/blog\/priprema-vocaka-za-zimsko-mirovanje\/"]}]},{"@type":"ImageObject","inLanguage":"hr","@id":"https:\/\/www.agrivi.com\/hr\/blog\/priprema-vocaka-za-zimsko-mirovanje\/#primaryimage","url":"https:\/\/www.agrivi.com\/wp-content\/uploads\/2015\/11\/Blog-Winter-Care.png","contentUrl":"https:\/\/www.agrivi.com\/wp-content\/uploads\/2015\/11\/Blog-Winter-Care.png","width":1200,"height":565},{"@type":"BreadcrumbList","@id":"https:\/\/www.agrivi.com\/hr\/blog\/priprema-vocaka-za-zimsko-mirovanje\/#breadcrumb","itemListElement":[{"@type":"ListItem","position":1,"name":"Home","item":"https:\/\/www.agrivi.com\/hr\/"},{"@type":"ListItem","position":2,"name":"Priprema vo\u0107aka za zimsko mirovanje"}]},{"@type":"WebSite","@id":"https:\/\/www.agrivi.com\/hr\/#website","url":"https:\/\/www.agrivi.com\/hr\/","name":"AGRIVI","description":"Farm managment solutions","publisher":{"@id":"https:\/\/www.agrivi.com\/hr\/#organization"},"potentialAction":[{"@type":"SearchAction","target":{"@type":"EntryPoint","urlTemplate":"https:\/\/www.agrivi.com\/hr\/?s={search_term_string}"},"query-input":{"@type":"PropertyValueSpecification","valueRequired":true,"valueName":"search_term_string"}}],"inLanguage":"hr"},{"@type":"Organization","@id":"https:\/\/www.agrivi.com\/hr\/#organization","name":"AGRIVI","url":"https:\/\/www.agrivi.com\/hr\/","logo":{"@type":"ImageObject","inLanguage":"hr","@id":"https:\/\/www.agrivi.com\/hr\/#\/schema\/logo\/image\/","url":"https:\/\/www.agrivi.com\/wp-content\/uploads\/2021\/02\/Agrivi-svg.svg","contentUrl":"https:\/\/www.agrivi.com\/wp-content\/uploads\/2021\/02\/Agrivi-svg.svg","width":1,"height":1,"caption":"AGRIVI"},"image":{"@id":"https:\/\/www.agrivi.com\/hr\/#\/schema\/logo\/image\/"}},{"@type":"Person","@id":"https:\/\/www.agrivi.com\/hr\/#\/schema\/person\/7c64936e9c0b87b8385f4bb18253c4ca","name":"Tanja Folnovi\u0107","sameAs":["http:\/\/www.agrivi.com"]}]}},"_links":{"self":[{"href":"https:\/\/www.agrivi.com\/hr\/wp-json\/wp\/v2\/posts\/29822","targetHints":{"allow":["GET"]}}],"collection":[{"href":"https:\/\/www.agrivi.com\/hr\/wp-json\/wp\/v2\/posts"}],"about":[{"href":"https:\/\/www.agrivi.com\/hr\/wp-json\/wp\/v2\/types\/post"}],"author":[{"embeddable":true,"href":"https:\/\/www.agrivi.com\/hr\/wp-json\/wp\/v2\/users\/13"}],"replies":[{"embeddable":true,"href":"https:\/\/www.agrivi.com\/hr\/wp-json\/wp\/v2\/comments?post=29822"}],"version-history":[{"count":1,"href":"https:\/\/www.agrivi.com\/hr\/wp-json\/wp\/v2\/posts\/29822\/revisions"}],"predecessor-version":[{"id":50684,"href":"https:\/\/www.agrivi.com\/hr\/wp-json\/wp\/v2\/posts\/29822\/revisions\/50684"}],"wp:featuredmedia":[{"embeddable":true,"href":"https:\/\/www.agrivi.com\/hr\/wp-json\/wp\/v2\/media\/30832"}],"wp:attachment":[{"href":"https:\/\/www.agrivi.com\/hr\/wp-json\/wp\/v2\/media?parent=29822"}],"wp:term":[{"taxonomy":"category","embeddable":true,"href":"https:\/\/www.agrivi.com\/hr\/wp-json\/wp\/v2\/categories?post=29822"},{"taxonomy":"post_tag","embeddable":true,"href":"https:\/\/www.agrivi.com\/hr\/wp-json\/wp\/v2\/tags?post=29822"}],"curies":[{"name":"wp","href":"https:\/\/api.w.org\/{rel}","templated":true}]}}