
{"id":75001,"date":"2026-03-12T16:00:19","date_gmt":"2026-03-12T15:00:19","guid":{"rendered":"https:\/\/www.agrivi.com\/?p=75001"},"modified":"2026-03-30T15:24:49","modified_gmt":"2026-03-30T13:24:49","slug":"matija-zulj-menadzer-godine","status":"publish","type":"post","link":"https:\/\/www.agrivi.com\/hr\/novosti\/matija-zulj-menadzer-godine\/","title":{"rendered":"Matija \u017dulj menad\u017eer godine 2025. | CEO AGRIVI-ja nagra\u0111en od HUM-CROMA-e"},"content":{"rendered":"<p style=\"text-align: left;\" data-start=\"1253\" data-end=\"1449\"><strong data-start=\"496\" data-end=\"533\">Matija \u017dulj menad\u017eer godine 2025.<\/strong> &#8211; s ponosom dijelimo da je CEO AGRIVI-ja Matija \u017dulj progla\u0161en menad\u017eerom godine 2025. u kategoriji malih poduze\u0107a, u izboru <a href=\"https:\/\/croma.hr\/\" target=\"_blank\"><strong data-start=\"1388\" data-end=\"1403\">HUM-CROMA-e<\/strong><\/a> (Hrvatsko udru\u017eenje menad\u017eera i poduzetnika).<\/p>\n<h2 style=\"text-align: left;\" data-section-id=\"59xbkv\" data-start=\"1451\" data-end=\"1501\">Matija \u017dulj menad\u017eer godine: za\u0161to je ovo va\u017eno<\/h2>\n<p style=\"text-align: left;\" data-start=\"1503\" data-end=\"1869\">Priznanje <strong data-start=\"1513\" data-end=\"1538\">menad\u017eer godine 2025.<\/strong> isti\u010de vodstvo koje donosi rezultate u zahtjevnim uvjetima, a malo je industrija toliko kompleksno i &#8220;real-world&#8221; ograni\u010deno kao poljoprivreda. Proizvodnja hrane nalazi se na sjeci\u0161tu klimatske volatilnosti, operativnog rizika, tro\u0161kovnih pritisaka, uskla\u0111enosti s regulativom te rastu\u0107ih o\u010dekivanja oko sljedivosti i odr\u017eivosti.<\/p>\n<p style=\"text-align: left;\" data-start=\"1871\" data-end=\"2114\">U AGRIVI-ju na\u0161a je misija pomo\u0107i agri-food sektoru u dono\u0161enju boljih odluka povezivanjem terenske realnosti s digitalnim procesima koje timovi mogu stvarno koristiti &#8211; od dnevnih operacija do izvje\u0161tavanja i suradnje kroz cijeli lanac vrijednosti.<\/p>\n<p style=\"text-align: left;\" data-start=\"2116\" data-end=\"2300\"><em data-start=\"2116\" data-end=\"2159\"><img decoding=\"async\" class=\"aligncenter wp-image-75029\" src=\"https:\/\/www.agrivi.com\/wp-content\/uploads\/2026\/03\/MATIJA-ZULJ-5-215x300.jpg\" alt=\"Matija \u017dulj s nagradom menad\u017eer godine 2025. (HUM-CROMA, kategorija mala poduze\u0107a)\" width=\"481\" height=\"671\" srcset=\"https:\/\/www.agrivi.com\/wp-content\/uploads\/2026\/03\/MATIJA-ZULJ-5-215x300.jpg 215w, https:\/\/www.agrivi.com\/wp-content\/uploads\/2026\/03\/MATIJA-ZULJ-5-734x1024.jpg 734w, https:\/\/www.agrivi.com\/wp-content\/uploads\/2026\/03\/MATIJA-ZULJ-5-108x150.jpg 108w, https:\/\/www.agrivi.com\/wp-content\/uploads\/2026\/03\/MATIJA-ZULJ-5-768x1071.jpg 768w, https:\/\/www.agrivi.com\/wp-content\/uploads\/2026\/03\/MATIJA-ZULJ-5-1101x1536.jpg 1101w, https:\/\/www.agrivi.com\/wp-content\/uploads\/2026\/03\/MATIJA-ZULJ-5.jpg 1147w\" sizes=\"(max-width: 481px) 100vw, 481px\" \/><\/em><\/p>\n<p style=\"text-align: left;\" data-start=\"2116\" data-end=\"2300\">Saznaj vi\u0161e: <a href=\"https:\/\/www.agrivi.com\/hr\/\" target=\"_blank\"><strong data-start=\"2175\" data-end=\"2190\">O AGRIVI-ju<\/strong><\/a> | <a href=\"https:\/\/www.agrivi.com\/hr\/proizvodi\/ai-gradski-savjetnik\/\" target=\"_blank\"><strong data-start=\"2214\" data-end=\"2227\">AI Engage<\/strong><\/a>\u00a0| <a href=\"https:\/\/www.agrivi.com\/hr\/proizvodi\/360-farm-enterprise\/\" target=\"_blank\"><strong data-start=\"2253\" data-end=\"2281\">Farm Management Software<\/strong><\/a><\/p>\n<h2 style=\"text-align: left;\" data-section-id=\"5vc7m7\" data-start=\"2302\" data-end=\"2340\">Vodstvo s fokusom na realan utjecaj<\/h2>\n<p style=\"text-align: left;\" data-start=\"2342\" data-end=\"2701\">Izgradnja globalne kompanije u poljoprivredi tra\u017ei vi\u0161e od tehnologije. Tra\u017ei duboko razumijevanje kako farme i agri-food organizacije funkcioniraju u stvarnim uvjetima, kroz razli\u010dite geografske kontekste i proizvodne modele. Nagrada <strong data-start=\"2577\" data-end=\"2602\">menad\u017eer godine 2025.<\/strong> sna\u017ena je potvrda takvog pristupa vodstvu &#8211; kombinacije dugoro\u010dne vizije i discipline u izvr\u0161enju.<\/p>\n<p style=\"text-align: left;\" data-start=\"2703\" data-end=\"2886\">Kako nastavljamo rasti, ostajemo fokusirani na ono najva\u017enije: omogu\u0107iti bolje odluke na terenu, podi\u0107i produktivnost te oja\u010dati odr\u017eivost i sljedivost u agri-food lancu vrijednosti.<\/p>\n<p data-start=\"2888\" data-end=\"3242\"><img decoding=\"async\" class=\"wp-image-75020 aligncenter\" src=\"https:\/\/www.agrivi.com\/wp-content\/uploads\/2026\/03\/Esplanada_HUM-CROMA-Agrivi_1-2-300x195.jpg\" alt=\"Matija \u017dulj, menad\u017eer godine 2025., govori na dodjeli HUM-CROMA nagrada\" width=\"968\" height=\"629\" srcset=\"https:\/\/www.agrivi.com\/wp-content\/uploads\/2026\/03\/Esplanada_HUM-CROMA-Agrivi_1-2-300x195.jpg 300w, https:\/\/www.agrivi.com\/wp-content\/uploads\/2026\/03\/Esplanada_HUM-CROMA-Agrivi_1-2-150x98.jpg 150w, https:\/\/www.agrivi.com\/wp-content\/uploads\/2026\/03\/Esplanada_HUM-CROMA-Agrivi_1-2-768x500.jpg 768w, https:\/\/www.agrivi.com\/wp-content\/uploads\/2026\/03\/Esplanada_HUM-CROMA-Agrivi_1-2-1536x1000.jpg 1536w, https:\/\/www.agrivi.com\/wp-content\/uploads\/2026\/03\/Esplanada_HUM-CROMA-Agrivi_1-2.jpg 1600w\" sizes=\"(max-width: 968px) 100vw, 968px\" \/><\/p>\n<p style=\"text-align: left;\" data-start=\"2888\" data-end=\"3242\">Za AGRIVI, ovo priznanje je i podsjetnik na odgovornost koju nosi razvoj tehnologije za industrije &#8220;stvarnog svijeta&#8221;. Poljoprivreda zahtijeva rje\u0161enja koja se mogu usvojiti u velikom opsegu i isporu\u010diti mjerljive rezultate, poma\u017eu\u0107i timovima da dosljedno planiraju rad, pouzdano bilje\u017ee podatke te osiguraju transparentnost od polja do opskrbnog lanca.<\/p>\n<p style=\"text-align: left;\" data-start=\"2888\" data-end=\"3242\">Upravo zato nastavljamo ulagati u rje\u0161enja koja povezuju operativni rad na terenu, znanje agronoma i zahtjeve tr\u017ei\u0161ta. Cilj je da farmeri i agri-food organizacije mogu br\u017ee reagirati, smanjiti rizike i donositi odluke na temelju provjerenih podataka, ne pretpostavki.<\/p>\n<p style=\"text-align: left;\" data-start=\"3244\" data-end=\"3355\">O nagradi su izvijestili relevantni poslovni i nacionalni mediji, uklju\u010duju\u0107i <a href=\"https:\/\/forbes.dnevnik.hr\/aktualno\/dodijeljene-croma-ine-nagrade-menadzer-godine-predsjednik-uprave-bosqar-a-darko-horvat-dobitnik-u-kategoriji-menadzer-velikog-poduzeca\/\" target=\"_blank\"><strong data-start=\"3322\" data-end=\"3341\">Forbes Hrvatska<\/strong><\/a> i <a href=\"https:\/\/www.hina.hr\/vijest\/12236428\" target=\"_blank\"><strong data-start=\"3344\" data-end=\"3354\">HINA-u<\/strong><\/a>. Ovo priznanje, <strong data-start=\"943\" data-end=\"974\">Matija \u017dulj menad\u017eer godine,<\/strong>\u00a0dodatno potvr\u0111uje i me\u0111unarodnu relevantnost vodstva u industriji koja tra\u017ei operativnu izvrsnost i stvarne rezultate.<\/p>\n<hr data-start=\"3357\" data-end=\"3360\" \/>\n<h2 style=\"text-align: left;\" data-section-id=\"1ysib3u\" data-start=\"3362\" data-end=\"3376\">O AGRIVI-ju<\/h2>\n<p style=\"text-align: left;\" data-start=\"3378\" data-end=\"3587\"><strong data-start=\"3378\" data-end=\"3564\"><a href=\"https:\/\/www.agrivi.com\/hr\/\" target=\"_blank\">AGRIVI<\/a> je globalna AgriTech kompanija koja poma\u017ee farmama i agri-food organizacijama digitalizirati operacije, unaprijediti dono\u0161enje odluka i oja\u010dati sljedivost kroz opskrbne lance.<\/strong><\/p>\n"},"excerpt":{"rendered":"<p>Matija \u017dulj menad\u017eer godine 2025. &#8211; s ponosom dijelimo da je CEO AGRIVI-ja Matija \u017dulj progla\u0161en menad\u017eerom godine 2025. u kategoriji malih poduze\u0107a, u izboru HUM-CROMA-e (Hrvatsko udru\u017eenje menad\u017eera i poduzetnika). Matija \u017dulj menad\u017eer godine: za\u0161to je ovo va\u017eno Priznanje menad\u017eer godine 2025. isti\u010de vodstvo koje donosi rezultate u zahtjevnim uvjetima, a malo je industrija<br \/><a href=\"https:\/\/www.agrivi.com\/hr\/novosti\/matija-zulj-menadzer-godine\/\" class=\"more\">PRO\u010cITAJTE VI\u0160E<\/a><\/p>\n","protected":false},"author":30,"featured_media":75002,"comment_status":"closed","ping_status":"closed","sticky":false,"template":"","format":"standard","meta":{"_acf_changed":false,"inline_featured_image":false,"footnotes":""},"categories":[224,379],"tags":[],"class_list":["post-75001","post","type-post","status-publish","format-standard","has-post-thumbnail","hentry","category-novosti","category-priznanja"],"acf":[],"yoast_head":"<!-- This site is optimized with the Yoast SEO plugin v27.4 - https:\/\/yoast.com\/product\/yoast-seo-wordpress\/ -->\n<title>Matija \u017dulj menad\u017eer godine | CEO AGRIVI-ja<\/title>\n<meta name=\"description\" content=\"Matija \u017dulj menad\u017eer godine 2025. u kategoriji malih poduze\u0107a. Priznanje za vodstvo u izgradnji globalne AgriTech kompanije AGRIVI.\" \/>\n<meta name=\"robots\" content=\"index, follow, max-snippet:-1, max-image-preview:large, max-video-preview:-1\" \/>\n<link rel=\"canonical\" href=\"https:\/\/www.agrivi.com\/hr\/novosti\/matija-zulj-menadzer-godine\/\" \/>\n<meta property=\"og:locale\" content=\"hr_HR\" \/>\n<meta property=\"og:type\" content=\"article\" \/>\n<meta property=\"og:title\" content=\"Matija \u017dulj menad\u017eer godine | CEO AGRIVI-ja\" \/>\n<meta property=\"og:description\" content=\"Matija \u017dulj menad\u017eer godine 2025. u kategoriji malih poduze\u0107a. Priznanje za vodstvo u izgradnji globalne AgriTech kompanije AGRIVI.\" \/>\n<meta property=\"og:url\" content=\"https:\/\/www.agrivi.com\/hr\/novosti\/matija-zulj-menadzer-godine\/\" \/>\n<meta property=\"og:site_name\" content=\"AGRIVI\" \/>\n<meta property=\"article:published_time\" content=\"2026-03-12T15:00:19+00:00\" \/>\n<meta property=\"article:modified_time\" content=\"2026-03-30T13:24:49+00:00\" \/>\n<meta property=\"og:image\" content=\"https:\/\/www.agrivi.com\/wp-content\/uploads\/2026\/03\/Blue-And-White-Modern-Website-Development-Service-Facebook-Ad-1.png\" \/>\n\t<meta property=\"og:image:width\" content=\"1200\" \/>\n\t<meta property=\"og:image:height\" content=\"628\" \/>\n\t<meta property=\"og:image:type\" content=\"image\/png\" \/>\n<meta name=\"author\" content=\"Barbara Busic\" \/>\n<meta name=\"twitter:card\" content=\"summary_large_image\" \/>\n<meta name=\"twitter:label1\" content=\"Napisao\/la\" \/>\n\t<meta name=\"twitter:data1\" content=\"Barbara Busic\" \/>\n\t<meta name=\"twitter:label2\" content=\"Procijenjeno vrijeme \u010ditanja\" \/>\n\t<meta name=\"twitter:data2\" content=\"2 minute\" \/>\n<script type=\"application\/ld+json\" class=\"yoast-schema-graph\">{\"@context\":\"https:\\\/\\\/schema.org\",\"@graph\":[{\"@type\":\"Article\",\"@id\":\"https:\\\/\\\/www.agrivi.com\\\/hr\\\/novosti\\\/matija-zulj-menadzer-godine\\\/#article\",\"isPartOf\":{\"@id\":\"https:\\\/\\\/www.agrivi.com\\\/hr\\\/novosti\\\/matija-zulj-menadzer-godine\\\/\"},\"author\":{\"name\":\"Barbara Busic\",\"@id\":\"https:\\\/\\\/www.agrivi.com\\\/hr\\\/#\\\/schema\\\/person\\\/8b5f0981b00b0bb0a17479ebf73aa222\"},\"headline\":\"Matija \u017dulj menad\u017eer godine 2025. | CEO AGRIVI-ja nagra\u0111en od HUM-CROMA-e\",\"datePublished\":\"2026-03-12T15:00:19+00:00\",\"dateModified\":\"2026-03-30T13:24:49+00:00\",\"mainEntityOfPage\":{\"@id\":\"https:\\\/\\\/www.agrivi.com\\\/hr\\\/novosti\\\/matija-zulj-menadzer-godine\\\/\"},\"wordCount\":410,\"publisher\":{\"@id\":\"https:\\\/\\\/www.agrivi.com\\\/hr\\\/#organization\"},\"image\":{\"@id\":\"https:\\\/\\\/www.agrivi.com\\\/hr\\\/novosti\\\/matija-zulj-menadzer-godine\\\/#primaryimage\"},\"thumbnailUrl\":\"https:\\\/\\\/www.agrivi.com\\\/wp-content\\\/uploads\\\/2026\\\/03\\\/Blue-And-White-Modern-Website-Development-Service-Facebook-Ad-1.png\",\"articleSection\":[\"Novosti\",\"Priznanja\"],\"inLanguage\":\"hr\"},{\"@type\":\"WebPage\",\"@id\":\"https:\\\/\\\/www.agrivi.com\\\/hr\\\/novosti\\\/matija-zulj-menadzer-godine\\\/\",\"url\":\"https:\\\/\\\/www.agrivi.com\\\/hr\\\/novosti\\\/matija-zulj-menadzer-godine\\\/\",\"name\":\"Matija \u017dulj menad\u017eer godine | CEO AGRIVI-ja\",\"isPartOf\":{\"@id\":\"https:\\\/\\\/www.agrivi.com\\\/hr\\\/#website\"},\"primaryImageOfPage\":{\"@id\":\"https:\\\/\\\/www.agrivi.com\\\/hr\\\/novosti\\\/matija-zulj-menadzer-godine\\\/#primaryimage\"},\"image\":{\"@id\":\"https:\\\/\\\/www.agrivi.com\\\/hr\\\/novosti\\\/matija-zulj-menadzer-godine\\\/#primaryimage\"},\"thumbnailUrl\":\"https:\\\/\\\/www.agrivi.com\\\/wp-content\\\/uploads\\\/2026\\\/03\\\/Blue-And-White-Modern-Website-Development-Service-Facebook-Ad-1.png\",\"datePublished\":\"2026-03-12T15:00:19+00:00\",\"dateModified\":\"2026-03-30T13:24:49+00:00\",\"description\":\"Matija \u017dulj menad\u017eer godine 2025. u kategoriji malih poduze\u0107a. Priznanje za vodstvo u izgradnji globalne AgriTech kompanije AGRIVI.\",\"breadcrumb\":{\"@id\":\"https:\\\/\\\/www.agrivi.com\\\/hr\\\/novosti\\\/matija-zulj-menadzer-godine\\\/#breadcrumb\"},\"inLanguage\":\"hr\",\"potentialAction\":[{\"@type\":\"ReadAction\",\"target\":[\"https:\\\/\\\/www.agrivi.com\\\/hr\\\/novosti\\\/matija-zulj-menadzer-godine\\\/\"]}]},{\"@type\":\"ImageObject\",\"inLanguage\":\"hr\",\"@id\":\"https:\\\/\\\/www.agrivi.com\\\/hr\\\/novosti\\\/matija-zulj-menadzer-godine\\\/#primaryimage\",\"url\":\"https:\\\/\\\/www.agrivi.com\\\/wp-content\\\/uploads\\\/2026\\\/03\\\/Blue-And-White-Modern-Website-Development-Service-Facebook-Ad-1.png\",\"contentUrl\":\"https:\\\/\\\/www.agrivi.com\\\/wp-content\\\/uploads\\\/2026\\\/03\\\/Blue-And-White-Modern-Website-Development-Service-Facebook-Ad-1.png\",\"width\":1200,\"height\":628,\"caption\":\"Matija \u017dulj, menad\u017eer godine 2025., govori na dodjeli HUM-CROMA nagrada\"},{\"@type\":\"BreadcrumbList\",\"@id\":\"https:\\\/\\\/www.agrivi.com\\\/hr\\\/novosti\\\/matija-zulj-menadzer-godine\\\/#breadcrumb\",\"itemListElement\":[{\"@type\":\"ListItem\",\"position\":1,\"name\":\"Home\",\"item\":\"https:\\\/\\\/www.agrivi.com\\\/hr\\\/\"},{\"@type\":\"ListItem\",\"position\":2,\"name\":\"Matija \u017dulj menad\u017eer godine 2025. | CEO AGRIVI-ja nagra\u0111en od HUM-CROMA-e\"}]},{\"@type\":\"WebSite\",\"@id\":\"https:\\\/\\\/www.agrivi.com\\\/hr\\\/#website\",\"url\":\"https:\\\/\\\/www.agrivi.com\\\/hr\\\/\",\"name\":\"AGRIVI\",\"description\":\"Farm managment solutions\",\"publisher\":{\"@id\":\"https:\\\/\\\/www.agrivi.com\\\/hr\\\/#organization\"},\"potentialAction\":[{\"@type\":\"SearchAction\",\"target\":{\"@type\":\"EntryPoint\",\"urlTemplate\":\"https:\\\/\\\/www.agrivi.com\\\/hr\\\/?s={search_term_string}\"},\"query-input\":{\"@type\":\"PropertyValueSpecification\",\"valueRequired\":true,\"valueName\":\"search_term_string\"}}],\"inLanguage\":\"hr\"},{\"@type\":\"Organization\",\"@id\":\"https:\\\/\\\/www.agrivi.com\\\/hr\\\/#organization\",\"name\":\"AGRIVI\",\"url\":\"https:\\\/\\\/www.agrivi.com\\\/hr\\\/\",\"logo\":{\"@type\":\"ImageObject\",\"inLanguage\":\"hr\",\"@id\":\"https:\\\/\\\/www.agrivi.com\\\/hr\\\/#\\\/schema\\\/logo\\\/image\\\/\",\"url\":\"https:\\\/\\\/www.agrivi.com\\\/wp-content\\\/uploads\\\/2021\\\/02\\\/Agrivi-svg.svg\",\"contentUrl\":\"https:\\\/\\\/www.agrivi.com\\\/wp-content\\\/uploads\\\/2021\\\/02\\\/Agrivi-svg.svg\",\"width\":1,\"height\":1,\"caption\":\"AGRIVI\"},\"image\":{\"@id\":\"https:\\\/\\\/www.agrivi.com\\\/hr\\\/#\\\/schema\\\/logo\\\/image\\\/\"}},{\"@type\":\"Person\",\"@id\":\"https:\\\/\\\/www.agrivi.com\\\/hr\\\/#\\\/schema\\\/person\\\/8b5f0981b00b0bb0a17479ebf73aa222\",\"name\":\"Barbara Busic\",\"sameAs\":[\"http:\\\/\\\/www.agrivi.com\"]}]}<\/script>\n<!-- \/ Yoast SEO plugin. -->","yoast_head_json":{"title":"Matija \u017dulj menad\u017eer godine | CEO AGRIVI-ja","description":"Matija \u017dulj menad\u017eer godine 2025. u kategoriji malih poduze\u0107a. Priznanje za vodstvo u izgradnji globalne AgriTech kompanije AGRIVI.","robots":{"index":"index","follow":"follow","max-snippet":"max-snippet:-1","max-image-preview":"max-image-preview:large","max-video-preview":"max-video-preview:-1"},"canonical":"https:\/\/www.agrivi.com\/hr\/novosti\/matija-zulj-menadzer-godine\/","og_locale":"hr_HR","og_type":"article","og_title":"Matija \u017dulj menad\u017eer godine | CEO AGRIVI-ja","og_description":"Matija \u017dulj menad\u017eer godine 2025. u kategoriji malih poduze\u0107a. Priznanje za vodstvo u izgradnji globalne AgriTech kompanije AGRIVI.","og_url":"https:\/\/www.agrivi.com\/hr\/novosti\/matija-zulj-menadzer-godine\/","og_site_name":"AGRIVI","article_published_time":"2026-03-12T15:00:19+00:00","article_modified_time":"2026-03-30T13:24:49+00:00","og_image":[{"width":1200,"height":628,"url":"https:\/\/www.agrivi.com\/wp-content\/uploads\/2026\/03\/Blue-And-White-Modern-Website-Development-Service-Facebook-Ad-1.png","type":"image\/png"}],"author":"Barbara Busic","twitter_card":"summary_large_image","twitter_misc":{"Napisao\/la":"Barbara Busic","Procijenjeno vrijeme \u010ditanja":"2 minute"},"schema":{"@context":"https:\/\/schema.org","@graph":[{"@type":"Article","@id":"https:\/\/www.agrivi.com\/hr\/novosti\/matija-zulj-menadzer-godine\/#article","isPartOf":{"@id":"https:\/\/www.agrivi.com\/hr\/novosti\/matija-zulj-menadzer-godine\/"},"author":{"name":"Barbara Busic","@id":"https:\/\/www.agrivi.com\/hr\/#\/schema\/person\/8b5f0981b00b0bb0a17479ebf73aa222"},"headline":"Matija \u017dulj menad\u017eer godine 2025. | CEO AGRIVI-ja nagra\u0111en od HUM-CROMA-e","datePublished":"2026-03-12T15:00:19+00:00","dateModified":"2026-03-30T13:24:49+00:00","mainEntityOfPage":{"@id":"https:\/\/www.agrivi.com\/hr\/novosti\/matija-zulj-menadzer-godine\/"},"wordCount":410,"publisher":{"@id":"https:\/\/www.agrivi.com\/hr\/#organization"},"image":{"@id":"https:\/\/www.agrivi.com\/hr\/novosti\/matija-zulj-menadzer-godine\/#primaryimage"},"thumbnailUrl":"https:\/\/www.agrivi.com\/wp-content\/uploads\/2026\/03\/Blue-And-White-Modern-Website-Development-Service-Facebook-Ad-1.png","articleSection":["Novosti","Priznanja"],"inLanguage":"hr"},{"@type":"WebPage","@id":"https:\/\/www.agrivi.com\/hr\/novosti\/matija-zulj-menadzer-godine\/","url":"https:\/\/www.agrivi.com\/hr\/novosti\/matija-zulj-menadzer-godine\/","name":"Matija \u017dulj menad\u017eer godine | CEO AGRIVI-ja","isPartOf":{"@id":"https:\/\/www.agrivi.com\/hr\/#website"},"primaryImageOfPage":{"@id":"https:\/\/www.agrivi.com\/hr\/novosti\/matija-zulj-menadzer-godine\/#primaryimage"},"image":{"@id":"https:\/\/www.agrivi.com\/hr\/novosti\/matija-zulj-menadzer-godine\/#primaryimage"},"thumbnailUrl":"https:\/\/www.agrivi.com\/wp-content\/uploads\/2026\/03\/Blue-And-White-Modern-Website-Development-Service-Facebook-Ad-1.png","datePublished":"2026-03-12T15:00:19+00:00","dateModified":"2026-03-30T13:24:49+00:00","description":"Matija \u017dulj menad\u017eer godine 2025. u kategoriji malih poduze\u0107a. Priznanje za vodstvo u izgradnji globalne AgriTech kompanije AGRIVI.","breadcrumb":{"@id":"https:\/\/www.agrivi.com\/hr\/novosti\/matija-zulj-menadzer-godine\/#breadcrumb"},"inLanguage":"hr","potentialAction":[{"@type":"ReadAction","target":["https:\/\/www.agrivi.com\/hr\/novosti\/matija-zulj-menadzer-godine\/"]}]},{"@type":"ImageObject","inLanguage":"hr","@id":"https:\/\/www.agrivi.com\/hr\/novosti\/matija-zulj-menadzer-godine\/#primaryimage","url":"https:\/\/www.agrivi.com\/wp-content\/uploads\/2026\/03\/Blue-And-White-Modern-Website-Development-Service-Facebook-Ad-1.png","contentUrl":"https:\/\/www.agrivi.com\/wp-content\/uploads\/2026\/03\/Blue-And-White-Modern-Website-Development-Service-Facebook-Ad-1.png","width":1200,"height":628,"caption":"Matija \u017dulj, menad\u017eer godine 2025., govori na dodjeli HUM-CROMA nagrada"},{"@type":"BreadcrumbList","@id":"https:\/\/www.agrivi.com\/hr\/novosti\/matija-zulj-menadzer-godine\/#breadcrumb","itemListElement":[{"@type":"ListItem","position":1,"name":"Home","item":"https:\/\/www.agrivi.com\/hr\/"},{"@type":"ListItem","position":2,"name":"Matija \u017dulj menad\u017eer godine 2025. | CEO AGRIVI-ja nagra\u0111en od HUM-CROMA-e"}]},{"@type":"WebSite","@id":"https:\/\/www.agrivi.com\/hr\/#website","url":"https:\/\/www.agrivi.com\/hr\/","name":"AGRIVI","description":"Farm managment solutions","publisher":{"@id":"https:\/\/www.agrivi.com\/hr\/#organization"},"potentialAction":[{"@type":"SearchAction","target":{"@type":"EntryPoint","urlTemplate":"https:\/\/www.agrivi.com\/hr\/?s={search_term_string}"},"query-input":{"@type":"PropertyValueSpecification","valueRequired":true,"valueName":"search_term_string"}}],"inLanguage":"hr"},{"@type":"Organization","@id":"https:\/\/www.agrivi.com\/hr\/#organization","name":"AGRIVI","url":"https:\/\/www.agrivi.com\/hr\/","logo":{"@type":"ImageObject","inLanguage":"hr","@id":"https:\/\/www.agrivi.com\/hr\/#\/schema\/logo\/image\/","url":"https:\/\/www.agrivi.com\/wp-content\/uploads\/2021\/02\/Agrivi-svg.svg","contentUrl":"https:\/\/www.agrivi.com\/wp-content\/uploads\/2021\/02\/Agrivi-svg.svg","width":1,"height":1,"caption":"AGRIVI"},"image":{"@id":"https:\/\/www.agrivi.com\/hr\/#\/schema\/logo\/image\/"}},{"@type":"Person","@id":"https:\/\/www.agrivi.com\/hr\/#\/schema\/person\/8b5f0981b00b0bb0a17479ebf73aa222","name":"Barbara Busic","sameAs":["http:\/\/www.agrivi.com"]}]}},"_links":{"self":[{"href":"https:\/\/www.agrivi.com\/hr\/wp-json\/wp\/v2\/posts\/75001","targetHints":{"allow":["GET"]}}],"collection":[{"href":"https:\/\/www.agrivi.com\/hr\/wp-json\/wp\/v2\/posts"}],"about":[{"href":"https:\/\/www.agrivi.com\/hr\/wp-json\/wp\/v2\/types\/post"}],"author":[{"embeddable":true,"href":"https:\/\/www.agrivi.com\/hr\/wp-json\/wp\/v2\/users\/30"}],"replies":[{"embeddable":true,"href":"https:\/\/www.agrivi.com\/hr\/wp-json\/wp\/v2\/comments?post=75001"}],"version-history":[{"count":6,"href":"https:\/\/www.agrivi.com\/hr\/wp-json\/wp\/v2\/posts\/75001\/revisions"}],"predecessor-version":[{"id":75086,"href":"https:\/\/www.agrivi.com\/hr\/wp-json\/wp\/v2\/posts\/75001\/revisions\/75086"}],"wp:featuredmedia":[{"embeddable":true,"href":"https:\/\/www.agrivi.com\/hr\/wp-json\/wp\/v2\/media\/75002"}],"wp:attachment":[{"href":"https:\/\/www.agrivi.com\/hr\/wp-json\/wp\/v2\/media?parent=75001"}],"wp:term":[{"taxonomy":"category","embeddable":true,"href":"https:\/\/www.agrivi.com\/hr\/wp-json\/wp\/v2\/categories?post=75001"},{"taxonomy":"post_tag","embeddable":true,"href":"https:\/\/www.agrivi.com\/hr\/wp-json\/wp\/v2\/tags?post=75001"}],"curies":[{"name":"wp","href":"https:\/\/api.w.org\/{rel}","templated":true}]}}