
{"id":16885,"date":"2021-04-17T23:13:43","date_gmt":"2021-04-17T21:13:43","guid":{"rendered":"http:\/\/qkx.kqs.mybluehost.me\/uncategorized-ro\/agrivi-sustine-initiativa-fara-plastic\/"},"modified":"2021-11-02T19:51:28","modified_gmt":"2021-11-02T18:51:28","slug":"agrivi-sustine-initiativa-fara-plastic","status":"publish","type":"post","link":"https:\/\/www.agrivi.com\/ro\/stiri\/agrivi-sustine-initiativa-fara-plastic\/","title":{"rendered":"AGRIVI sus\u021bine ini\u021biativa F\u0103r\u0103 Plastic"},"content":{"rendered":"<p><span data-contrast=\"auto\">AGRIVI tr\u0103ie\u0219te \u0219i respir\u0103 sustenabilitate \u0219i, din acest motiv, am devenit parte a ini\u021biativei \u201ef\u0103r\u0103 plastic\u201c.\u00a0<\/span><span data-ccp-props=\"{&quot;201341983&quot;:0,&quot;335551550&quot;:6,&quot;335551620&quot;:6,&quot;335559739&quot;:160,&quot;335559740&quot;:259}\">\u00a0<\/span><\/p>\n<p><span data-contrast=\"auto\">Scopul AGRIVI, \u00een calitatea sa de companie ce militeaz\u0103 pentru eliminarea materialelor plastice, este acela de a reduce utilizarea plasticului de unic\u0103 folosin\u021b\u0103.\u00a0\u020ancuraj\u0103m\u00a0angaja\u021bii \u00een aceast\u0103 direc\u021bie \u0219i ne dorim s\u0103 fim un exemplu de companie care a g\u0103sit solu\u021bii alternative \u0219i care promoveaz\u0103 sustenabilitatea.<\/span><span data-ccp-props=\"{&quot;201341983&quot;:0,&quot;335551550&quot;:6,&quot;335551620&quot;:6,&quot;335559739&quot;:160,&quot;335559740&quot;:259}\">\u00a0<\/span><\/p>\n<p><span data-contrast=\"auto\">Ini\u021biativa f\u0103r\u0103 plastic reune\u0219te organiza\u021bii de afaceri care au oprit complet sau care reduc, pas cu pas, utilizarea articolelor din plastic \u0219i doresc s\u0103 g\u0103seasc\u0103 solu\u021bii alternative durabile pentru angaja\u021bii lor.<\/span><span data-ccp-props=\"{&quot;201341983&quot;:0,&quot;335551550&quot;:6,&quot;335551620&quot;:6,&quot;335559739&quot;:160,&quot;335559740&quot;:259}\">\u00a0<\/span><\/p>\n<p><span data-contrast=\"auto\">Con\u0219tientizarea problemei globale a polu\u0103rii \u0219i dorin\u021ba de a rezolva aceast\u0103 problem\u0103 \u00een mod eficient este un subiect din ce \u00een ce mai discutat \u00een public. AGRIVI, ca parte a Ini\u021biativei\u00a0<\/span><span data-contrast=\"auto\">F<\/span><span data-contrast=\"auto\">\u0103r\u0103<\/span><span data-contrast=\"auto\">\u00a0<\/span><span data-contrast=\"auto\">P<\/span><span data-contrast=\"auto\">lastic, nu numai c\u0103 \u0219i-a exprimat \u00eengrijorarea cu privire la acest fenomen, dar a realizat mult mai mult dec\u00e2t at\u00e2t. \u00cen birourile noastre, utilizarea plasticului a disp\u0103rut complet, iar acum exist\u0103 materiale sustenabile.<\/span><span data-ccp-props=\"{&quot;201341983&quot;:0,&quot;335551550&quot;:6,&quot;335551620&quot;:6,&quot;335559739&quot;:160,&quot;335559740&quot;:259}\">\u00a0<\/span><\/p>\n<p><span data-contrast=\"auto\">Pentru a-\u0219i men\u021bine statutul de companie f\u0103r\u0103 plastic, AGRIVI a ini\u021biat mai mul\u021bi pa\u0219i pentru reducerea plasticului \u00een cadrul birourilor:<\/span><span data-ccp-props=\"{&quot;201341983&quot;:0,&quot;335551550&quot;:6,&quot;335551620&quot;:6,&quot;335559739&quot;:160,&quot;335559740&quot;:259}\">\u00a0<\/span><\/p>\n<ul>\n<li><span data-contrast=\"auto\"> Pahare, tac\u00e2muri, pungi refolosibile\u00a0<\/span><\/li>\n<li><span data-contrast=\"auto\"> Separarea de\u0219eurilor \u00een toate \u00eenc\u0103perile\u00a0<\/span><\/li>\n<li><span data-contrast=\"auto\"> Explorarea poten\u021bialului materialului reciclat\u00a0<\/span><\/li>\n<li><span data-contrast=\"auto\"> Aprecierea<\/span><span data-contrast=\"auto\">utiliz\u0103rii materialelor plastice la procesul de cump\u0103rare a produselor companiei<\/span><\/li>\n<\/ul>\n<p><span data-contrast=\"auto\">Este minunat c\u0103 angaja\u021bii AGRIVI au sus\u021binut \u0219i au implementat\u00a0<\/span><span data-contrast=\"auto\">i<\/span><span data-contrast=\"auto\">n<\/span><span data-contrast=\"auto\">i\u021biativa<\/span><span data-contrast=\"auto\">\u00a0\u0219i \u00een via\u021ba lor de zi cu zi.<\/span><span data-ccp-props=\"{&quot;201341983&quot;:0,&quot;335551550&quot;:6,&quot;335551620&quot;:6,&quot;335559739&quot;:160,&quot;335559740&quot;:259}\">\u00a0<\/span><\/p>\n<p><span data-contrast=\"auto\">Vrem s\u0103 \u00eencuraj\u0103m \u0219i s\u0103 invit\u0103m \u0219i alte companii s\u0103 se al\u0103ture acestei ini\u021biative, deoarece un num\u0103r c\u00e2t mai mare de participan\u021bi va contribui la cre\u0219terea gradului de con\u0219tientizare cu privire la necesitatea \u00eenlocuirii articolelor de plastic de unic\u0103 folosin\u021b\u0103 din societatea noastr\u0103.<\/span><span data-ccp-props=\"{&quot;201341983&quot;:0,&quot;335551550&quot;:6,&quot;335551620&quot;:6,&quot;335559739&quot;:160,&quot;335559740&quot;:259}\">\u00a0<\/span><\/p>\n<p><span data-contrast=\"auto\">Numai prin aceast\u0103 abordare, putem face posibil\u0103 o reducere a de\u0219eurilor de plastic din mediul \u00eenconjur\u0103tor.<\/span><span data-ccp-props=\"{&quot;201341983&quot;:0,&quot;335551550&quot;:6,&quot;335551620&quot;:6,&quot;335559739&quot;:160,&quot;335559740&quot;:259}\">\u00a0<\/span><\/p>\n"},"excerpt":{"rendered":"<p>AGRIVI tr\u0103ie\u0219te \u0219i respir\u0103 sustenabilitate \u0219i, din acest motiv, am devenit parte a ini\u021biativei \u201ef\u0103r\u0103 plastic\u201c.\u00a0\u00a0 Scopul AGRIVI, \u00een calitatea sa de companie ce militeaz\u0103 pentru eliminarea materialelor plastice, este acela de a reduce utilizarea plasticului de unic\u0103 folosin\u021b\u0103.\u00a0\u020ancuraj\u0103m\u00a0angaja\u021bii \u00een aceast\u0103 direc\u021bie \u0219i ne dorim s\u0103 fim un exemplu de companie care a g\u0103sit solu\u021bii<br \/><a href=\"https:\/\/www.agrivi.com\/ro\/stiri\/agrivi-sustine-initiativa-fara-plastic\/\" class=\"more\">Citeste mai mult<\/a><\/p>\n","protected":false},"author":15,"featured_media":21661,"comment_status":"closed","ping_status":"closed","sticky":false,"template":"","format":"standard","meta":{"_acf_changed":false,"inline_featured_image":false,"footnotes":""},"categories":[382,235],"tags":[],"class_list":["post-16885","post","type-post","status-publish","format-standard","has-post-thumbnail","hentry","category-premii","category-stiri"],"acf":[],"yoast_head":"<!-- This site is optimized with the Yoast SEO plugin v27.4 - https:\/\/yoast.com\/product\/yoast-seo-wordpress\/ -->\n<title>AGRIVI sus\u021bine ini\u021biativa F\u0103r\u0103 Plastic - AGRIVI<\/title>\n<meta name=\"description\" content=\"AGRIVI sus\u021bine ini\u021biativa F\u0103r\u0103 Plastic AGRIVI\" \/>\n<meta name=\"robots\" content=\"index, follow, max-snippet:-1, max-image-preview:large, max-video-preview:-1\" \/>\n<link rel=\"canonical\" href=\"https:\/\/www.agrivi.com\/ro\/stiri\/agrivi-sustine-initiativa-fara-plastic\/\" \/>\n<meta property=\"og:locale\" content=\"ro_RO\" \/>\n<meta property=\"og:type\" content=\"article\" \/>\n<meta property=\"og:title\" content=\"AGRIVI sus\u021bine ini\u021biativa F\u0103r\u0103 Plastic - AGRIVI\" \/>\n<meta property=\"og:description\" content=\"AGRIVI sus\u021bine ini\u021biativa F\u0103r\u0103 Plastic AGRIVI\" \/>\n<meta property=\"og:url\" content=\"https:\/\/www.agrivi.com\/ro\/stiri\/agrivi-sustine-initiativa-fara-plastic\/\" \/>\n<meta property=\"og:site_name\" content=\"AGRIVI\" \/>\n<meta property=\"article:published_time\" content=\"2021-04-17T21:13:43+00:00\" \/>\n<meta property=\"article:modified_time\" content=\"2021-11-02T18:51:28+00:00\" \/>\n<meta property=\"og:image\" content=\"https:\/\/www.agrivi.com\/wp-content\/uploads\/2021\/05\/News-Plastic-free-1024x482.png\" \/>\n\t<meta property=\"og:image:width\" content=\"1024\" \/>\n\t<meta property=\"og:image:height\" content=\"482\" \/>\n\t<meta property=\"og:image:type\" content=\"image\/png\" \/>\n<meta name=\"author\" content=\"AGRIVI\" \/>\n<meta name=\"twitter:card\" content=\"summary_large_image\" \/>\n<meta name=\"twitter:label1\" content=\"Scris de\" \/>\n\t<meta name=\"twitter:data1\" content=\"AGRIVI\" \/>\n\t<meta name=\"twitter:label2\" content=\"Timp estimat pentru citire\" \/>\n\t<meta name=\"twitter:data2\" content=\"2 minute\" \/>\n<script type=\"application\/ld+json\" class=\"yoast-schema-graph\">{\"@context\":\"https:\\\/\\\/schema.org\",\"@graph\":[{\"@type\":\"Article\",\"@id\":\"https:\\\/\\\/www.agrivi.com\\\/ro\\\/stiri\\\/agrivi-sustine-initiativa-fara-plastic\\\/#article\",\"isPartOf\":{\"@id\":\"https:\\\/\\\/www.agrivi.com\\\/ro\\\/stiri\\\/agrivi-sustine-initiativa-fara-plastic\\\/\"},\"author\":{\"name\":\"AGRIVI\",\"@id\":\"https:\\\/\\\/www.agrivi.com\\\/ro\\\/#\\\/schema\\\/person\\\/3ee7fdd12eceee68516e26acd2388e8b\"},\"headline\":\"AGRIVI sus\u021bine ini\u021biativa F\u0103r\u0103 Plastic\",\"datePublished\":\"2021-04-17T21:13:43+00:00\",\"dateModified\":\"2021-11-02T18:51:28+00:00\",\"mainEntityOfPage\":{\"@id\":\"https:\\\/\\\/www.agrivi.com\\\/ro\\\/stiri\\\/agrivi-sustine-initiativa-fara-plastic\\\/\"},\"wordCount\":342,\"publisher\":{\"@id\":\"https:\\\/\\\/www.agrivi.com\\\/ro\\\/#organization\"},\"image\":{\"@id\":\"https:\\\/\\\/www.agrivi.com\\\/ro\\\/stiri\\\/agrivi-sustine-initiativa-fara-plastic\\\/#primaryimage\"},\"thumbnailUrl\":\"https:\\\/\\\/www.agrivi.com\\\/wp-content\\\/uploads\\\/2021\\\/05\\\/News-Plastic-free.png\",\"articleSection\":[\"Premii\",\"Stiri\"],\"inLanguage\":\"ro-RO\"},{\"@type\":\"WebPage\",\"@id\":\"https:\\\/\\\/www.agrivi.com\\\/ro\\\/stiri\\\/agrivi-sustine-initiativa-fara-plastic\\\/\",\"url\":\"https:\\\/\\\/www.agrivi.com\\\/ro\\\/stiri\\\/agrivi-sustine-initiativa-fara-plastic\\\/\",\"name\":\"AGRIVI sus\u021bine ini\u021biativa F\u0103r\u0103 Plastic - AGRIVI\",\"isPartOf\":{\"@id\":\"https:\\\/\\\/www.agrivi.com\\\/ro\\\/#website\"},\"primaryImageOfPage\":{\"@id\":\"https:\\\/\\\/www.agrivi.com\\\/ro\\\/stiri\\\/agrivi-sustine-initiativa-fara-plastic\\\/#primaryimage\"},\"image\":{\"@id\":\"https:\\\/\\\/www.agrivi.com\\\/ro\\\/stiri\\\/agrivi-sustine-initiativa-fara-plastic\\\/#primaryimage\"},\"thumbnailUrl\":\"https:\\\/\\\/www.agrivi.com\\\/wp-content\\\/uploads\\\/2021\\\/05\\\/News-Plastic-free.png\",\"datePublished\":\"2021-04-17T21:13:43+00:00\",\"dateModified\":\"2021-11-02T18:51:28+00:00\",\"description\":\"AGRIVI sus\u021bine ini\u021biativa F\u0103r\u0103 Plastic AGRIVI\",\"breadcrumb\":{\"@id\":\"https:\\\/\\\/www.agrivi.com\\\/ro\\\/stiri\\\/agrivi-sustine-initiativa-fara-plastic\\\/#breadcrumb\"},\"inLanguage\":\"ro-RO\",\"potentialAction\":[{\"@type\":\"ReadAction\",\"target\":[\"https:\\\/\\\/www.agrivi.com\\\/ro\\\/stiri\\\/agrivi-sustine-initiativa-fara-plastic\\\/\"]}]},{\"@type\":\"ImageObject\",\"inLanguage\":\"ro-RO\",\"@id\":\"https:\\\/\\\/www.agrivi.com\\\/ro\\\/stiri\\\/agrivi-sustine-initiativa-fara-plastic\\\/#primaryimage\",\"url\":\"https:\\\/\\\/www.agrivi.com\\\/wp-content\\\/uploads\\\/2021\\\/05\\\/News-Plastic-free.png\",\"contentUrl\":\"https:\\\/\\\/www.agrivi.com\\\/wp-content\\\/uploads\\\/2021\\\/05\\\/News-Plastic-free.png\",\"width\":1200,\"height\":565},{\"@type\":\"BreadcrumbList\",\"@id\":\"https:\\\/\\\/www.agrivi.com\\\/ro\\\/stiri\\\/agrivi-sustine-initiativa-fara-plastic\\\/#breadcrumb\",\"itemListElement\":[{\"@type\":\"ListItem\",\"position\":1,\"name\":\"Home\",\"item\":\"https:\\\/\\\/www.agrivi.com\\\/ro\\\/\"},{\"@type\":\"ListItem\",\"position\":2,\"name\":\"AGRIVI sus\u021bine ini\u021biativa F\u0103r\u0103 Plastic\"}]},{\"@type\":\"WebSite\",\"@id\":\"https:\\\/\\\/www.agrivi.com\\\/ro\\\/#website\",\"url\":\"https:\\\/\\\/www.agrivi.com\\\/ro\\\/\",\"name\":\"AGRIVI\",\"description\":\"Farm managment solutions\",\"publisher\":{\"@id\":\"https:\\\/\\\/www.agrivi.com\\\/ro\\\/#organization\"},\"potentialAction\":[{\"@type\":\"SearchAction\",\"target\":{\"@type\":\"EntryPoint\",\"urlTemplate\":\"https:\\\/\\\/www.agrivi.com\\\/ro\\\/?s={search_term_string}\"},\"query-input\":{\"@type\":\"PropertyValueSpecification\",\"valueRequired\":true,\"valueName\":\"search_term_string\"}}],\"inLanguage\":\"ro-RO\"},{\"@type\":\"Organization\",\"@id\":\"https:\\\/\\\/www.agrivi.com\\\/ro\\\/#organization\",\"name\":\"AGRIVI\",\"url\":\"https:\\\/\\\/www.agrivi.com\\\/ro\\\/\",\"logo\":{\"@type\":\"ImageObject\",\"inLanguage\":\"ro-RO\",\"@id\":\"https:\\\/\\\/www.agrivi.com\\\/ro\\\/#\\\/schema\\\/logo\\\/image\\\/\",\"url\":\"https:\\\/\\\/www.agrivi.com\\\/wp-content\\\/uploads\\\/2021\\\/02\\\/Agrivi-svg.svg\",\"contentUrl\":\"https:\\\/\\\/www.agrivi.com\\\/wp-content\\\/uploads\\\/2021\\\/02\\\/Agrivi-svg.svg\",\"width\":1,\"height\":1,\"caption\":\"AGRIVI\"},\"image\":{\"@id\":\"https:\\\/\\\/www.agrivi.com\\\/ro\\\/#\\\/schema\\\/logo\\\/image\\\/\"}},{\"@type\":\"Person\",\"@id\":\"https:\\\/\\\/www.agrivi.com\\\/ro\\\/#\\\/schema\\\/person\\\/3ee7fdd12eceee68516e26acd2388e8b\",\"name\":\"AGRIVI\",\"sameAs\":[\"http:\\\/\\\/www.agrivi.com\"]}]}<\/script>\n<!-- \/ Yoast SEO plugin. -->","yoast_head_json":{"title":"AGRIVI sus\u021bine ini\u021biativa F\u0103r\u0103 Plastic - AGRIVI","description":"AGRIVI sus\u021bine ini\u021biativa F\u0103r\u0103 Plastic AGRIVI","robots":{"index":"index","follow":"follow","max-snippet":"max-snippet:-1","max-image-preview":"max-image-preview:large","max-video-preview":"max-video-preview:-1"},"canonical":"https:\/\/www.agrivi.com\/ro\/stiri\/agrivi-sustine-initiativa-fara-plastic\/","og_locale":"ro_RO","og_type":"article","og_title":"AGRIVI sus\u021bine ini\u021biativa F\u0103r\u0103 Plastic - AGRIVI","og_description":"AGRIVI sus\u021bine ini\u021biativa F\u0103r\u0103 Plastic AGRIVI","og_url":"https:\/\/www.agrivi.com\/ro\/stiri\/agrivi-sustine-initiativa-fara-plastic\/","og_site_name":"AGRIVI","article_published_time":"2021-04-17T21:13:43+00:00","article_modified_time":"2021-11-02T18:51:28+00:00","og_image":[{"width":1024,"height":482,"url":"https:\/\/www.agrivi.com\/wp-content\/uploads\/2021\/05\/News-Plastic-free-1024x482.png","type":"image\/png"}],"author":"AGRIVI","twitter_card":"summary_large_image","twitter_misc":{"Scris de":"AGRIVI","Timp estimat pentru citire":"2 minute"},"schema":{"@context":"https:\/\/schema.org","@graph":[{"@type":"Article","@id":"https:\/\/www.agrivi.com\/ro\/stiri\/agrivi-sustine-initiativa-fara-plastic\/#article","isPartOf":{"@id":"https:\/\/www.agrivi.com\/ro\/stiri\/agrivi-sustine-initiativa-fara-plastic\/"},"author":{"name":"AGRIVI","@id":"https:\/\/www.agrivi.com\/ro\/#\/schema\/person\/3ee7fdd12eceee68516e26acd2388e8b"},"headline":"AGRIVI sus\u021bine ini\u021biativa F\u0103r\u0103 Plastic","datePublished":"2021-04-17T21:13:43+00:00","dateModified":"2021-11-02T18:51:28+00:00","mainEntityOfPage":{"@id":"https:\/\/www.agrivi.com\/ro\/stiri\/agrivi-sustine-initiativa-fara-plastic\/"},"wordCount":342,"publisher":{"@id":"https:\/\/www.agrivi.com\/ro\/#organization"},"image":{"@id":"https:\/\/www.agrivi.com\/ro\/stiri\/agrivi-sustine-initiativa-fara-plastic\/#primaryimage"},"thumbnailUrl":"https:\/\/www.agrivi.com\/wp-content\/uploads\/2021\/05\/News-Plastic-free.png","articleSection":["Premii","Stiri"],"inLanguage":"ro-RO"},{"@type":"WebPage","@id":"https:\/\/www.agrivi.com\/ro\/stiri\/agrivi-sustine-initiativa-fara-plastic\/","url":"https:\/\/www.agrivi.com\/ro\/stiri\/agrivi-sustine-initiativa-fara-plastic\/","name":"AGRIVI sus\u021bine ini\u021biativa F\u0103r\u0103 Plastic - AGRIVI","isPartOf":{"@id":"https:\/\/www.agrivi.com\/ro\/#website"},"primaryImageOfPage":{"@id":"https:\/\/www.agrivi.com\/ro\/stiri\/agrivi-sustine-initiativa-fara-plastic\/#primaryimage"},"image":{"@id":"https:\/\/www.agrivi.com\/ro\/stiri\/agrivi-sustine-initiativa-fara-plastic\/#primaryimage"},"thumbnailUrl":"https:\/\/www.agrivi.com\/wp-content\/uploads\/2021\/05\/News-Plastic-free.png","datePublished":"2021-04-17T21:13:43+00:00","dateModified":"2021-11-02T18:51:28+00:00","description":"AGRIVI sus\u021bine ini\u021biativa F\u0103r\u0103 Plastic AGRIVI","breadcrumb":{"@id":"https:\/\/www.agrivi.com\/ro\/stiri\/agrivi-sustine-initiativa-fara-plastic\/#breadcrumb"},"inLanguage":"ro-RO","potentialAction":[{"@type":"ReadAction","target":["https:\/\/www.agrivi.com\/ro\/stiri\/agrivi-sustine-initiativa-fara-plastic\/"]}]},{"@type":"ImageObject","inLanguage":"ro-RO","@id":"https:\/\/www.agrivi.com\/ro\/stiri\/agrivi-sustine-initiativa-fara-plastic\/#primaryimage","url":"https:\/\/www.agrivi.com\/wp-content\/uploads\/2021\/05\/News-Plastic-free.png","contentUrl":"https:\/\/www.agrivi.com\/wp-content\/uploads\/2021\/05\/News-Plastic-free.png","width":1200,"height":565},{"@type":"BreadcrumbList","@id":"https:\/\/www.agrivi.com\/ro\/stiri\/agrivi-sustine-initiativa-fara-plastic\/#breadcrumb","itemListElement":[{"@type":"ListItem","position":1,"name":"Home","item":"https:\/\/www.agrivi.com\/ro\/"},{"@type":"ListItem","position":2,"name":"AGRIVI sus\u021bine ini\u021biativa F\u0103r\u0103 Plastic"}]},{"@type":"WebSite","@id":"https:\/\/www.agrivi.com\/ro\/#website","url":"https:\/\/www.agrivi.com\/ro\/","name":"AGRIVI","description":"Farm managment solutions","publisher":{"@id":"https:\/\/www.agrivi.com\/ro\/#organization"},"potentialAction":[{"@type":"SearchAction","target":{"@type":"EntryPoint","urlTemplate":"https:\/\/www.agrivi.com\/ro\/?s={search_term_string}"},"query-input":{"@type":"PropertyValueSpecification","valueRequired":true,"valueName":"search_term_string"}}],"inLanguage":"ro-RO"},{"@type":"Organization","@id":"https:\/\/www.agrivi.com\/ro\/#organization","name":"AGRIVI","url":"https:\/\/www.agrivi.com\/ro\/","logo":{"@type":"ImageObject","inLanguage":"ro-RO","@id":"https:\/\/www.agrivi.com\/ro\/#\/schema\/logo\/image\/","url":"https:\/\/www.agrivi.com\/wp-content\/uploads\/2021\/02\/Agrivi-svg.svg","contentUrl":"https:\/\/www.agrivi.com\/wp-content\/uploads\/2021\/02\/Agrivi-svg.svg","width":1,"height":1,"caption":"AGRIVI"},"image":{"@id":"https:\/\/www.agrivi.com\/ro\/#\/schema\/logo\/image\/"}},{"@type":"Person","@id":"https:\/\/www.agrivi.com\/ro\/#\/schema\/person\/3ee7fdd12eceee68516e26acd2388e8b","name":"AGRIVI","sameAs":["http:\/\/www.agrivi.com"]}]}},"_links":{"self":[{"href":"https:\/\/www.agrivi.com\/ro\/wp-json\/wp\/v2\/posts\/16885","targetHints":{"allow":["GET"]}}],"collection":[{"href":"https:\/\/www.agrivi.com\/ro\/wp-json\/wp\/v2\/posts"}],"about":[{"href":"https:\/\/www.agrivi.com\/ro\/wp-json\/wp\/v2\/types\/post"}],"author":[{"embeddable":true,"href":"https:\/\/www.agrivi.com\/ro\/wp-json\/wp\/v2\/users\/15"}],"replies":[{"embeddable":true,"href":"https:\/\/www.agrivi.com\/ro\/wp-json\/wp\/v2\/comments?post=16885"}],"version-history":[{"count":2,"href":"https:\/\/www.agrivi.com\/ro\/wp-json\/wp\/v2\/posts\/16885\/revisions"}],"predecessor-version":[{"id":55759,"href":"https:\/\/www.agrivi.com\/ro\/wp-json\/wp\/v2\/posts\/16885\/revisions\/55759"}],"wp:featuredmedia":[{"embeddable":true,"href":"https:\/\/www.agrivi.com\/ro\/wp-json\/wp\/v2\/media\/21661"}],"wp:attachment":[{"href":"https:\/\/www.agrivi.com\/ro\/wp-json\/wp\/v2\/media?parent=16885"}],"wp:term":[{"taxonomy":"category","embeddable":true,"href":"https:\/\/www.agrivi.com\/ro\/wp-json\/wp\/v2\/categories?post=16885"},{"taxonomy":"post_tag","embeddable":true,"href":"https:\/\/www.agrivi.com\/ro\/wp-json\/wp\/v2\/tags?post=16885"}],"curies":[{"name":"wp","href":"https:\/\/api.w.org\/{rel}","templated":true}]}}