
{"id":17524,"date":"2021-03-20T15:59:04","date_gmt":"2021-03-20T14:59:04","guid":{"rendered":"http:\/\/qkx.kqs.mybluehost.me\/uncategorized-ro\/unul-dintre-liderii-globali-din-industria-agtech-agrivi-%c8%8bsi-consolideaza-echipa-de-management-din-romania\/"},"modified":"2021-12-17T03:59:10","modified_gmt":"2021-12-17T02:59:10","slug":"unul-dintre-liderii-globali-din-industria-agtech-agrivi-%c8%8bsi-consolideaza-echipa-de-management-din-romania","status":"publish","type":"post","link":"https:\/\/www.agrivi.com\/ro\/stiri\/unul-dintre-liderii-globali-din-industria-agtech-agrivi-%c8%8bsi-consolideaza-echipa-de-management-din-romania\/","title":{"rendered":"Unul dintre liderii globali din industria agtech, AGRIVI, \u020b\u0219i consolideaz\u0103 echipa de management din Rom\u00e2nia"},"content":{"rendered":"<p>AGRIVI, una dintre cele mai importante companii din industria global\u0103 agtech, care dezvolt\u0103 solu\u021bii software de management al fermelor, anun\u021b\u0103 numirea lui <strong>Mircea Dr\u0103ghici \u020bn func\u021bia de Director General (GM) <\/strong>al filialei din Rom\u00e2nia. Domnul Dr\u0103ghici va avea un rol important \u020bn extinderea opera\u021biunilor AGRIVI din \u021bara noastr\u0103.<\/p>\n<p>De la intrarea pe pia\u021ba local\u0103, \u020bn 2020, managementul activit\u0103\u021bii AGRIVI din Rom\u00e2nia a fost asigurat de conducerea central\u0103 a companiei, cu sediul \u020bn Londra.<\/p>\n<p>,,<em>AGRIVI este o companie sinonim\u0103 cu digitalizarea agriculturii, care ofer\u0103 solu\u021bii de gestionare a fermelor personalizate, adaptate tuturor p\u0103r\u021bilor interesate, din industria agroalimentar\u0103. \u020ampreun\u0103 cu membrii echipei \u0219i clien\u021bii no\u0219tri incredibili, vom reu\u0219i s\u0103 ne extindem acoperirea pe pia\u021ba din Rom\u00e2nia \u0219i s\u0103 ajungem la c\u00e2t mai mul\u021bi fermieri \u0219i colaboratori de-ai lor<\/em>\u201d, spune\u00a0<strong>Mircea Dr\u0103ghici.\u00a0<\/strong><\/p>\n<p>Directorul General AGRIVI Rom\u00e2nia este antreprenor \u020bn serie, pasionat de \u0219tiin\u021b\u0103 \u0219i tehnologie. Este partener fondator al Venture Growth Partners de aproape opt ani \u0219i a lucrat \u00een industria tech peste 15 ani. \u020an noua sa pozi\u021bie, Mircea Dr\u0103ghici \u020b\u0219i va folosi cuno\u0219tin\u021bele, experien\u021ba \u0219i expertiza \u00een industrie pentru a aduce AGRIVI \u020bn pozi\u021bia de lider pe pia\u021ba local\u0103.<\/p>\n<p>Domnul Dr\u0103ghici este lector pentru studen\u021bii de la The Entrepreneurship Academy, Bucure\u0219ti \u0219i partener fondator al Asocia\u021biei Science Studies, care organizeaz\u0103 cursuri \u0219i workshops de management \u0219i IT. Anterior, el a fondat \u0219i condus o companie de dezvoltare software, construind solu\u021bii pentru industrii precum cea a ospitalit\u0103\u021bii, automotive sau cea a asigur\u0103rilor \u0219i solu\u021bii de e-learning.<\/p>\n<p>\u201e<em>Sunt entuziasmat s\u0103 m\u0103 al\u0103tur echipei AGRIVI. Este o oportunitate extraordinar\u0103 de a face parte dintr-o companie care, prin ac\u021biunile \u0219i viziunea sa, are un impact semnificativ asupra vie\u021bilor noastre \u0219i care schimb\u0103, fundamental, modul \u00een care sunt produse alimentele<\/em>\u201d, completeaz\u0103\u00a0<strong>Mircea Draghici.<\/strong><\/p>\n<p>La \u020bnceputul anului 2021, AGRIVI \u0219i-a m\u0103rit echipa din Rom\u00e2nia cu un nou Director Executiv de V\u00e2nz\u0103ri.<\/p>\n<p><em><strong>AGRIVI\u00a0<\/strong>este una dintre companiile-cheie din industria de software de gestionare a fermelor, care ofer\u0103 o solu\u021bie digital\u0103 fermierilor profesioni\u0219ti. Aceasta \u020bi ajut\u0103 s\u0103 ob\u021bin\u0103 toate informa\u021biile necesare despre fiecare faz\u0103 a procesului de produc\u021bie \u0219i s\u0103 ia decizii pentru a produce alimente s\u0103n\u0103toase, nutritive \u0219i sigure, \u020bntr-un mod sustenabil \u0219i profitabil. Pe l\u00e2ng\u0103 fermieri, solutiile de agricultur\u0103 digital\u0103 AGRIVI sprijin\u0103 \u0219i alte organiza\u021bii din industria agricol\u0103 \u0219i alimentar\u0103, de la companiile alimentare sustinute in procesul de gestionare al furnizorilor din lan\u021bul de aprovizionare, p\u00e2n\u0103 la b\u0103nci agroindustriale, ministere ale agriculturii \u0219i altele.<\/em><\/p>\n"},"excerpt":{"rendered":"<p>AGRIVI, una dintre cele mai importante companii din industria global\u0103 agtech, care dezvolt\u0103 solu\u021bii software de management al fermelor, anun\u021b\u0103 numirea lui Mircea Dr\u0103ghici \u020bn func\u021bia de Director General (GM) al filialei din Rom\u00e2nia. Domnul Dr\u0103ghici va avea un rol important \u020bn extinderea opera\u021biunilor AGRIVI din \u021bara noastr\u0103. De la intrarea pe pia\u021ba local\u0103, \u020bn<br \/><a href=\"https:\/\/www.agrivi.com\/ro\/stiri\/unul-dintre-liderii-globali-din-industria-agtech-agrivi-%c8%8bsi-consolideaza-echipa-de-management-din-romania\/\" class=\"more\">Citeste mai mult<\/a><\/p>\n","protected":false},"author":15,"featured_media":49539,"comment_status":"closed","ping_status":"closed","sticky":false,"template":"","format":"standard","meta":{"_acf_changed":false,"inline_featured_image":false,"footnotes":""},"categories":[267,235],"tags":[],"class_list":["post-17524","post","type-post","status-publish","format-standard","has-post-thumbnail","hentry","category-presa","category-stiri"],"acf":[],"yoast_head":"<!-- This site is optimized with the Yoast SEO plugin v27.4 - https:\/\/yoast.com\/product\/yoast-seo-wordpress\/ -->\n<title>AGRIVI \u020b\u0219i consolideaz\u0103 echipa de management din Rom\u00e2nia<\/title>\n<meta name=\"description\" content=\"Unul dintre liderii globali din industria agtech, AGRIVI, \u020b\u0219i consolideaz\u0103 echipa de management din Rom\u00e2nia AGRIVI\" \/>\n<meta name=\"robots\" content=\"index, follow, max-snippet:-1, max-image-preview:large, max-video-preview:-1\" \/>\n<link rel=\"canonical\" href=\"https:\/\/www.agrivi.com\/ro\/stiri\/unul-dintre-liderii-globali-din-industria-agtech-agrivi-%c8%8bsi-consolideaza-echipa-de-management-din-romania\/\" \/>\n<meta property=\"og:locale\" content=\"ro_RO\" \/>\n<meta property=\"og:type\" content=\"article\" \/>\n<meta property=\"og:title\" content=\"AGRIVI \u020b\u0219i consolideaz\u0103 echipa de management din Rom\u00e2nia\" \/>\n<meta property=\"og:description\" content=\"Unul dintre liderii globali din industria agtech, AGRIVI, \u020b\u0219i consolideaz\u0103 echipa de management din Rom\u00e2nia AGRIVI\" \/>\n<meta property=\"og:url\" content=\"https:\/\/www.agrivi.com\/ro\/stiri\/unul-dintre-liderii-globali-din-industria-agtech-agrivi-%c8%8bsi-consolideaza-echipa-de-management-din-romania\/\" \/>\n<meta property=\"og:site_name\" content=\"AGRIVI\" \/>\n<meta property=\"article:published_time\" content=\"2021-03-20T14:59:04+00:00\" \/>\n<meta property=\"article:modified_time\" content=\"2021-12-17T02:59:10+00:00\" \/>\n<meta property=\"og:image\" content=\"https:\/\/www.agrivi.com\/wp-content\/uploads\/2021\/03\/AGRIVI-Mircea-GM-Romania.jpg\" \/>\n\t<meta property=\"og:image:width\" content=\"1200\" \/>\n\t<meta property=\"og:image:height\" content=\"565\" \/>\n\t<meta property=\"og:image:type\" content=\"image\/jpeg\" \/>\n<meta name=\"author\" content=\"AGRIVI\" \/>\n<meta name=\"twitter:card\" content=\"summary_large_image\" \/>\n<meta name=\"twitter:label1\" content=\"Scris de\" \/>\n\t<meta name=\"twitter:data1\" content=\"AGRIVI\" \/>\n\t<meta name=\"twitter:label2\" content=\"Timp estimat pentru citire\" \/>\n\t<meta name=\"twitter:data2\" content=\"2 minute\" \/>\n<script type=\"application\/ld+json\" class=\"yoast-schema-graph\">{\"@context\":\"https:\\\/\\\/schema.org\",\"@graph\":[{\"@type\":\"Article\",\"@id\":\"https:\\\/\\\/www.agrivi.com\\\/ro\\\/stiri\\\/unul-dintre-liderii-globali-din-industria-agtech-agrivi-%c8%8bsi-consolideaza-echipa-de-management-din-romania\\\/#article\",\"isPartOf\":{\"@id\":\"https:\\\/\\\/www.agrivi.com\\\/ro\\\/stiri\\\/unul-dintre-liderii-globali-din-industria-agtech-agrivi-%c8%8bsi-consolideaza-echipa-de-management-din-romania\\\/\"},\"author\":{\"name\":\"AGRIVI\",\"@id\":\"https:\\\/\\\/www.agrivi.com\\\/ro\\\/#\\\/schema\\\/person\\\/3ee7fdd12eceee68516e26acd2388e8b\"},\"headline\":\"Unul dintre liderii globali din industria agtech, AGRIVI, \u020b\u0219i consolideaz\u0103 echipa de management din Rom\u00e2nia\",\"datePublished\":\"2021-03-20T14:59:04+00:00\",\"dateModified\":\"2021-12-17T02:59:10+00:00\",\"mainEntityOfPage\":{\"@id\":\"https:\\\/\\\/www.agrivi.com\\\/ro\\\/stiri\\\/unul-dintre-liderii-globali-din-industria-agtech-agrivi-%c8%8bsi-consolideaza-echipa-de-management-din-romania\\\/\"},\"wordCount\":465,\"publisher\":{\"@id\":\"https:\\\/\\\/www.agrivi.com\\\/ro\\\/#organization\"},\"image\":{\"@id\":\"https:\\\/\\\/www.agrivi.com\\\/ro\\\/stiri\\\/unul-dintre-liderii-globali-din-industria-agtech-agrivi-%c8%8bsi-consolideaza-echipa-de-management-din-romania\\\/#primaryimage\"},\"thumbnailUrl\":\"https:\\\/\\\/www.agrivi.com\\\/wp-content\\\/uploads\\\/2021\\\/03\\\/AGRIVI-Mircea-GM-Romania.jpg\",\"articleSection\":[\"Presa\",\"Stiri\"],\"inLanguage\":\"ro-RO\"},{\"@type\":\"WebPage\",\"@id\":\"https:\\\/\\\/www.agrivi.com\\\/ro\\\/stiri\\\/unul-dintre-liderii-globali-din-industria-agtech-agrivi-%c8%8bsi-consolideaza-echipa-de-management-din-romania\\\/\",\"url\":\"https:\\\/\\\/www.agrivi.com\\\/ro\\\/stiri\\\/unul-dintre-liderii-globali-din-industria-agtech-agrivi-%c8%8bsi-consolideaza-echipa-de-management-din-romania\\\/\",\"name\":\"AGRIVI \u020b\u0219i consolideaz\u0103 echipa de management din Rom\u00e2nia\",\"isPartOf\":{\"@id\":\"https:\\\/\\\/www.agrivi.com\\\/ro\\\/#website\"},\"primaryImageOfPage\":{\"@id\":\"https:\\\/\\\/www.agrivi.com\\\/ro\\\/stiri\\\/unul-dintre-liderii-globali-din-industria-agtech-agrivi-%c8%8bsi-consolideaza-echipa-de-management-din-romania\\\/#primaryimage\"},\"image\":{\"@id\":\"https:\\\/\\\/www.agrivi.com\\\/ro\\\/stiri\\\/unul-dintre-liderii-globali-din-industria-agtech-agrivi-%c8%8bsi-consolideaza-echipa-de-management-din-romania\\\/#primaryimage\"},\"thumbnailUrl\":\"https:\\\/\\\/www.agrivi.com\\\/wp-content\\\/uploads\\\/2021\\\/03\\\/AGRIVI-Mircea-GM-Romania.jpg\",\"datePublished\":\"2021-03-20T14:59:04+00:00\",\"dateModified\":\"2021-12-17T02:59:10+00:00\",\"description\":\"Unul dintre liderii globali din industria agtech, AGRIVI, \u020b\u0219i consolideaz\u0103 echipa de management din Rom\u00e2nia AGRIVI\",\"breadcrumb\":{\"@id\":\"https:\\\/\\\/www.agrivi.com\\\/ro\\\/stiri\\\/unul-dintre-liderii-globali-din-industria-agtech-agrivi-%c8%8bsi-consolideaza-echipa-de-management-din-romania\\\/#breadcrumb\"},\"inLanguage\":\"ro-RO\",\"potentialAction\":[{\"@type\":\"ReadAction\",\"target\":[\"https:\\\/\\\/www.agrivi.com\\\/ro\\\/stiri\\\/unul-dintre-liderii-globali-din-industria-agtech-agrivi-%c8%8bsi-consolideaza-echipa-de-management-din-romania\\\/\"]}]},{\"@type\":\"ImageObject\",\"inLanguage\":\"ro-RO\",\"@id\":\"https:\\\/\\\/www.agrivi.com\\\/ro\\\/stiri\\\/unul-dintre-liderii-globali-din-industria-agtech-agrivi-%c8%8bsi-consolideaza-echipa-de-management-din-romania\\\/#primaryimage\",\"url\":\"https:\\\/\\\/www.agrivi.com\\\/wp-content\\\/uploads\\\/2021\\\/03\\\/AGRIVI-Mircea-GM-Romania.jpg\",\"contentUrl\":\"https:\\\/\\\/www.agrivi.com\\\/wp-content\\\/uploads\\\/2021\\\/03\\\/AGRIVI-Mircea-GM-Romania.jpg\",\"width\":1200,\"height\":565,\"caption\":\"AGRIVI GM Romania\"},{\"@type\":\"BreadcrumbList\",\"@id\":\"https:\\\/\\\/www.agrivi.com\\\/ro\\\/stiri\\\/unul-dintre-liderii-globali-din-industria-agtech-agrivi-%c8%8bsi-consolideaza-echipa-de-management-din-romania\\\/#breadcrumb\",\"itemListElement\":[{\"@type\":\"ListItem\",\"position\":1,\"name\":\"Home\",\"item\":\"https:\\\/\\\/www.agrivi.com\\\/ro\\\/\"},{\"@type\":\"ListItem\",\"position\":2,\"name\":\"Unul dintre liderii globali din industria agtech, AGRIVI, \u020b\u0219i consolideaz\u0103 echipa de management din Rom\u00e2nia\"}]},{\"@type\":\"WebSite\",\"@id\":\"https:\\\/\\\/www.agrivi.com\\\/ro\\\/#website\",\"url\":\"https:\\\/\\\/www.agrivi.com\\\/ro\\\/\",\"name\":\"AGRIVI\",\"description\":\"Farm managment solutions\",\"publisher\":{\"@id\":\"https:\\\/\\\/www.agrivi.com\\\/ro\\\/#organization\"},\"potentialAction\":[{\"@type\":\"SearchAction\",\"target\":{\"@type\":\"EntryPoint\",\"urlTemplate\":\"https:\\\/\\\/www.agrivi.com\\\/ro\\\/?s={search_term_string}\"},\"query-input\":{\"@type\":\"PropertyValueSpecification\",\"valueRequired\":true,\"valueName\":\"search_term_string\"}}],\"inLanguage\":\"ro-RO\"},{\"@type\":\"Organization\",\"@id\":\"https:\\\/\\\/www.agrivi.com\\\/ro\\\/#organization\",\"name\":\"AGRIVI\",\"url\":\"https:\\\/\\\/www.agrivi.com\\\/ro\\\/\",\"logo\":{\"@type\":\"ImageObject\",\"inLanguage\":\"ro-RO\",\"@id\":\"https:\\\/\\\/www.agrivi.com\\\/ro\\\/#\\\/schema\\\/logo\\\/image\\\/\",\"url\":\"https:\\\/\\\/www.agrivi.com\\\/wp-content\\\/uploads\\\/2021\\\/02\\\/Agrivi-svg.svg\",\"contentUrl\":\"https:\\\/\\\/www.agrivi.com\\\/wp-content\\\/uploads\\\/2021\\\/02\\\/Agrivi-svg.svg\",\"width\":1,\"height\":1,\"caption\":\"AGRIVI\"},\"image\":{\"@id\":\"https:\\\/\\\/www.agrivi.com\\\/ro\\\/#\\\/schema\\\/logo\\\/image\\\/\"}},{\"@type\":\"Person\",\"@id\":\"https:\\\/\\\/www.agrivi.com\\\/ro\\\/#\\\/schema\\\/person\\\/3ee7fdd12eceee68516e26acd2388e8b\",\"name\":\"AGRIVI\",\"sameAs\":[\"http:\\\/\\\/www.agrivi.com\"]}]}<\/script>\n<!-- \/ Yoast SEO plugin. -->","yoast_head_json":{"title":"AGRIVI \u020b\u0219i consolideaz\u0103 echipa de management din Rom\u00e2nia","description":"Unul dintre liderii globali din industria agtech, AGRIVI, \u020b\u0219i consolideaz\u0103 echipa de management din Rom\u00e2nia AGRIVI","robots":{"index":"index","follow":"follow","max-snippet":"max-snippet:-1","max-image-preview":"max-image-preview:large","max-video-preview":"max-video-preview:-1"},"canonical":"https:\/\/www.agrivi.com\/ro\/stiri\/unul-dintre-liderii-globali-din-industria-agtech-agrivi-%c8%8bsi-consolideaza-echipa-de-management-din-romania\/","og_locale":"ro_RO","og_type":"article","og_title":"AGRIVI \u020b\u0219i consolideaz\u0103 echipa de management din Rom\u00e2nia","og_description":"Unul dintre liderii globali din industria agtech, AGRIVI, \u020b\u0219i consolideaz\u0103 echipa de management din Rom\u00e2nia AGRIVI","og_url":"https:\/\/www.agrivi.com\/ro\/stiri\/unul-dintre-liderii-globali-din-industria-agtech-agrivi-%c8%8bsi-consolideaza-echipa-de-management-din-romania\/","og_site_name":"AGRIVI","article_published_time":"2021-03-20T14:59:04+00:00","article_modified_time":"2021-12-17T02:59:10+00:00","og_image":[{"width":1200,"height":565,"url":"https:\/\/www.agrivi.com\/wp-content\/uploads\/2021\/03\/AGRIVI-Mircea-GM-Romania.jpg","type":"image\/jpeg"}],"author":"AGRIVI","twitter_card":"summary_large_image","twitter_misc":{"Scris de":"AGRIVI","Timp estimat pentru citire":"2 minute"},"schema":{"@context":"https:\/\/schema.org","@graph":[{"@type":"Article","@id":"https:\/\/www.agrivi.com\/ro\/stiri\/unul-dintre-liderii-globali-din-industria-agtech-agrivi-%c8%8bsi-consolideaza-echipa-de-management-din-romania\/#article","isPartOf":{"@id":"https:\/\/www.agrivi.com\/ro\/stiri\/unul-dintre-liderii-globali-din-industria-agtech-agrivi-%c8%8bsi-consolideaza-echipa-de-management-din-romania\/"},"author":{"name":"AGRIVI","@id":"https:\/\/www.agrivi.com\/ro\/#\/schema\/person\/3ee7fdd12eceee68516e26acd2388e8b"},"headline":"Unul dintre liderii globali din industria agtech, AGRIVI, \u020b\u0219i consolideaz\u0103 echipa de management din Rom\u00e2nia","datePublished":"2021-03-20T14:59:04+00:00","dateModified":"2021-12-17T02:59:10+00:00","mainEntityOfPage":{"@id":"https:\/\/www.agrivi.com\/ro\/stiri\/unul-dintre-liderii-globali-din-industria-agtech-agrivi-%c8%8bsi-consolideaza-echipa-de-management-din-romania\/"},"wordCount":465,"publisher":{"@id":"https:\/\/www.agrivi.com\/ro\/#organization"},"image":{"@id":"https:\/\/www.agrivi.com\/ro\/stiri\/unul-dintre-liderii-globali-din-industria-agtech-agrivi-%c8%8bsi-consolideaza-echipa-de-management-din-romania\/#primaryimage"},"thumbnailUrl":"https:\/\/www.agrivi.com\/wp-content\/uploads\/2021\/03\/AGRIVI-Mircea-GM-Romania.jpg","articleSection":["Presa","Stiri"],"inLanguage":"ro-RO"},{"@type":"WebPage","@id":"https:\/\/www.agrivi.com\/ro\/stiri\/unul-dintre-liderii-globali-din-industria-agtech-agrivi-%c8%8bsi-consolideaza-echipa-de-management-din-romania\/","url":"https:\/\/www.agrivi.com\/ro\/stiri\/unul-dintre-liderii-globali-din-industria-agtech-agrivi-%c8%8bsi-consolideaza-echipa-de-management-din-romania\/","name":"AGRIVI \u020b\u0219i consolideaz\u0103 echipa de management din Rom\u00e2nia","isPartOf":{"@id":"https:\/\/www.agrivi.com\/ro\/#website"},"primaryImageOfPage":{"@id":"https:\/\/www.agrivi.com\/ro\/stiri\/unul-dintre-liderii-globali-din-industria-agtech-agrivi-%c8%8bsi-consolideaza-echipa-de-management-din-romania\/#primaryimage"},"image":{"@id":"https:\/\/www.agrivi.com\/ro\/stiri\/unul-dintre-liderii-globali-din-industria-agtech-agrivi-%c8%8bsi-consolideaza-echipa-de-management-din-romania\/#primaryimage"},"thumbnailUrl":"https:\/\/www.agrivi.com\/wp-content\/uploads\/2021\/03\/AGRIVI-Mircea-GM-Romania.jpg","datePublished":"2021-03-20T14:59:04+00:00","dateModified":"2021-12-17T02:59:10+00:00","description":"Unul dintre liderii globali din industria agtech, AGRIVI, \u020b\u0219i consolideaz\u0103 echipa de management din Rom\u00e2nia AGRIVI","breadcrumb":{"@id":"https:\/\/www.agrivi.com\/ro\/stiri\/unul-dintre-liderii-globali-din-industria-agtech-agrivi-%c8%8bsi-consolideaza-echipa-de-management-din-romania\/#breadcrumb"},"inLanguage":"ro-RO","potentialAction":[{"@type":"ReadAction","target":["https:\/\/www.agrivi.com\/ro\/stiri\/unul-dintre-liderii-globali-din-industria-agtech-agrivi-%c8%8bsi-consolideaza-echipa-de-management-din-romania\/"]}]},{"@type":"ImageObject","inLanguage":"ro-RO","@id":"https:\/\/www.agrivi.com\/ro\/stiri\/unul-dintre-liderii-globali-din-industria-agtech-agrivi-%c8%8bsi-consolideaza-echipa-de-management-din-romania\/#primaryimage","url":"https:\/\/www.agrivi.com\/wp-content\/uploads\/2021\/03\/AGRIVI-Mircea-GM-Romania.jpg","contentUrl":"https:\/\/www.agrivi.com\/wp-content\/uploads\/2021\/03\/AGRIVI-Mircea-GM-Romania.jpg","width":1200,"height":565,"caption":"AGRIVI GM Romania"},{"@type":"BreadcrumbList","@id":"https:\/\/www.agrivi.com\/ro\/stiri\/unul-dintre-liderii-globali-din-industria-agtech-agrivi-%c8%8bsi-consolideaza-echipa-de-management-din-romania\/#breadcrumb","itemListElement":[{"@type":"ListItem","position":1,"name":"Home","item":"https:\/\/www.agrivi.com\/ro\/"},{"@type":"ListItem","position":2,"name":"Unul dintre liderii globali din industria agtech, AGRIVI, \u020b\u0219i consolideaz\u0103 echipa de management din Rom\u00e2nia"}]},{"@type":"WebSite","@id":"https:\/\/www.agrivi.com\/ro\/#website","url":"https:\/\/www.agrivi.com\/ro\/","name":"AGRIVI","description":"Farm managment solutions","publisher":{"@id":"https:\/\/www.agrivi.com\/ro\/#organization"},"potentialAction":[{"@type":"SearchAction","target":{"@type":"EntryPoint","urlTemplate":"https:\/\/www.agrivi.com\/ro\/?s={search_term_string}"},"query-input":{"@type":"PropertyValueSpecification","valueRequired":true,"valueName":"search_term_string"}}],"inLanguage":"ro-RO"},{"@type":"Organization","@id":"https:\/\/www.agrivi.com\/ro\/#organization","name":"AGRIVI","url":"https:\/\/www.agrivi.com\/ro\/","logo":{"@type":"ImageObject","inLanguage":"ro-RO","@id":"https:\/\/www.agrivi.com\/ro\/#\/schema\/logo\/image\/","url":"https:\/\/www.agrivi.com\/wp-content\/uploads\/2021\/02\/Agrivi-svg.svg","contentUrl":"https:\/\/www.agrivi.com\/wp-content\/uploads\/2021\/02\/Agrivi-svg.svg","width":1,"height":1,"caption":"AGRIVI"},"image":{"@id":"https:\/\/www.agrivi.com\/ro\/#\/schema\/logo\/image\/"}},{"@type":"Person","@id":"https:\/\/www.agrivi.com\/ro\/#\/schema\/person\/3ee7fdd12eceee68516e26acd2388e8b","name":"AGRIVI","sameAs":["http:\/\/www.agrivi.com"]}]}},"_links":{"self":[{"href":"https:\/\/www.agrivi.com\/ro\/wp-json\/wp\/v2\/posts\/17524","targetHints":{"allow":["GET"]}}],"collection":[{"href":"https:\/\/www.agrivi.com\/ro\/wp-json\/wp\/v2\/posts"}],"about":[{"href":"https:\/\/www.agrivi.com\/ro\/wp-json\/wp\/v2\/types\/post"}],"author":[{"embeddable":true,"href":"https:\/\/www.agrivi.com\/ro\/wp-json\/wp\/v2\/users\/15"}],"replies":[{"embeddable":true,"href":"https:\/\/www.agrivi.com\/ro\/wp-json\/wp\/v2\/comments?post=17524"}],"version-history":[{"count":4,"href":"https:\/\/www.agrivi.com\/ro\/wp-json\/wp\/v2\/posts\/17524\/revisions"}],"predecessor-version":[{"id":51817,"href":"https:\/\/www.agrivi.com\/ro\/wp-json\/wp\/v2\/posts\/17524\/revisions\/51817"}],"wp:featuredmedia":[{"embeddable":true,"href":"https:\/\/www.agrivi.com\/ro\/wp-json\/wp\/v2\/media\/49539"}],"wp:attachment":[{"href":"https:\/\/www.agrivi.com\/ro\/wp-json\/wp\/v2\/media?parent=17524"}],"wp:term":[{"taxonomy":"category","embeddable":true,"href":"https:\/\/www.agrivi.com\/ro\/wp-json\/wp\/v2\/categories?post=17524"},{"taxonomy":"post_tag","embeddable":true,"href":"https:\/\/www.agrivi.com\/ro\/wp-json\/wp\/v2\/tags?post=17524"}],"curies":[{"name":"wp","href":"https:\/\/api.w.org\/{rel}","templated":true}]}}